{"id":4161,"date":"2021-11-25T10:13:22","date_gmt":"2021-11-25T09:13:22","guid":{"rendered":"https:\/\/www.firstcisl.it\/emiliaromagna\/?p=4161"},"modified":"2021-11-25T13:26:38","modified_gmt":"2021-11-25T12:26:38","slug":"parla-con-me-e-con-nabila-mhaidra","status":"publish","type":"post","link":"https:\/\/www.firstcisl.it\/emiliaromagna\/2021\/11\/25\/parla-con-me-e-con-nabila-mhaidra\/","title":{"rendered":"Parla con me e con Nabila Mhaidra"},"content":{"rendered":"<p style=\"text-align: justify\"><span style=\"font-size: 10pt\">In occasione della\u00a0<strong>Giornata internazionale contro la violenza sulle donne<\/strong>, presentiamo, per la rassegna di Parla con me, una donna che ha avuto il coraggio di guardarsi dentro, raccogliere le proprie forze e diventare un esempio di rinascita.<\/span><\/p>\n<p style=\"text-align: justify\"><span style=\"font-size: 10pt\">Chiudiamo simbolicamente un anno difficile, segnato dalla pandemia che di certo non ha aiutato le donne, maggiormente interessate dal fenomeno dell\u2019home working: le lavoratrici hanno dovuto gestire contestualmente lavoro e famiglia, senza ottenere finestre sociali o economiche di sostegno. Inoltre, durante il lavoro da remoto le chiamate al 1522, il numero di pubblica utilit\u00e0 contro la violenza e lo stalking, sono aumentate in modo tristemente significativo, soprattutto a motivo di episodi avvenuti all\u2019interno dell\u2019alveo famigliare.<\/span><\/p>\n<p style=\"text-align: justify\"><span style=\"font-size: 10pt\">Vogliamo essere sempre\u00a0<strong><a href=\"https:\/\/bit.ly\/3DyIPwz\" target=\"_blank\" rel=\"noopener noreferrer\">in prima linea<\/a><\/strong>\u00a0per richiamare\u00a0l\u2019attenzione pubblica nei confronti di questo raccapricciante fenomeno sociale le cui costanti drammatiche evidenze devono renderci consapevoli che l\u2019ascolto, il supporto e la denuncia sono davvero\u00a0<strong>l\u2019unica prevenzione possibile<\/strong>.<\/span><\/p>\n<p style=\"text-align: justify\"><span style=\"font-size: 10pt\"><strong>Nabila Mhaidra<\/strong>\u00a0ama la sua citt\u00e0, ma ama anche la sua terra d\u2019origine. Lontana s\u00ec, ma non troppo. Differente? Forse, ma cosa ci pu\u00f2 essere di pi\u00f9 straordinario nella diversit\u00e0, se non un sano e spontaneo confronto culturale come pretesto per sorseggiare un buon the alla\u00a0menta? E vi assicuro che vale la pena anche fare il contrario.<\/span><\/p>\n<p style=\"text-align: justify\"><span style=\"font-size: 10pt\">Ecco, Nabila ama la gente. E possiede una grande passione per la politica. Bastano questi semplici punti di partenza per ottenere un buon raccolto, a fine anno e per ogni terra. L\u2019origine, della terra, poco importa, purch\u00e9 si lavori con attenzione e abnegazione verso gli altri. \u00c8 anche un lavoro su s\u00e9 stessi.<\/span><\/p>\n<p style=\"text-align: justify\"><span style=\"font-size: 10pt\">E il rispetto, ah! quello \u00e8 l\u2019ingrediente fondamentale: non pu\u00f2 farne a meno.<\/span><\/p>\n<p style=\"text-align: justify\"><span style=\"font-size: 10pt\">Nabila \u00e8 una donna che riesce sempre a trovare nelle persone quel valore e a trasformarlo\u00a0<strong>in punto di contatto<\/strong>\u00a0o, molto pi\u00f9 semplicemente, spunto per nuove riflessioni, nuove opportunit\u00e0, nuovi progetti.<\/span><\/p>\n<p style=\"text-align: justify\"><span style=\"font-size: 10pt\">Perch\u00e9 alla fine nella diversit\u00e0 siamo tutti cos\u00ec uguali e, al tempo stesso, cos\u00ec magnificamente diversi\u2026<\/span><\/p>\n<p style=\"text-align: justify\"><span style=\"font-size: 10pt\">Ciao\u00a0<strong>Nabila<\/strong>, benvenuta in questo nostro piccolo spazio de L\u2019otto mensilmente, da anni gentilmente ospitato da First Cisl Emilia Romagna.<\/span><\/p>\n<p><img loading=\"lazy\" decoding=\"async\" class=\"size-medium wp-image-4162 alignright\" style=\"font-size: 13.3333px;text-align: justify\" src=\"https:\/\/www.firstcisl.it\/emiliaromagna\/wp-content\/uploads\/sites\/17\/2021\/11\/volantino25novembre2021-300x300.jpg\" alt=\"\" width=\"300\" height=\"300\" srcset=\"https:\/\/www.firstcisl.it\/emiliaromagna\/wp-content\/uploads\/sites\/17\/2021\/11\/volantino25novembre2021-300x300.jpg 300w, https:\/\/www.firstcisl.it\/emiliaromagna\/wp-content\/uploads\/sites\/17\/2021\/11\/volantino25novembre2021-150x150.jpg 150w, https:\/\/www.firstcisl.it\/emiliaromagna\/wp-content\/uploads\/sites\/17\/2021\/11\/volantino25novembre2021.jpg 480w\" sizes=\"auto, (max-width: 300px) 100vw, 300px\" \/><\/p>\n<p style=\"text-align: justify\"><span style=\"text-align: justify;color: #ff0000;font-size: 13.3333px\">Ti abbiamo invitata perch\u00e9 tu ci possa raccontare un po\u2019 di te attraverso una brevissima intervista; tuttavia, prima di iniziare con le domande vere e proprie, vogliamo che ti presenti al pubblico attraverso un piccolo riassunto sulla tua vita:\u00a0<\/span><strong style=\"text-align: justify;color: #ff0000;font-size: 13.3333px\">raccontaci chi sei, che studi hai fatto e di cosa ti occupi oggi<\/strong><span style=\"text-align: justify;color: #ff0000;font-size: 13.3333px\">.<\/span><br \/>\n<span style=\"font-size: 10pt\">Sono nata in Marocco e mi sono trasferi<\/span><span style=\"font-size: 10pt\">ta in Italia quando ero ancora piccola e a Parma mi sono diplomata all\u2019Istituto Giordani. Successivamente ho ottenuto la qualifica di Tagesmutter.<\/span><\/p>\n<p style=\"text-align: justify\"><span style=\"font-size: 10pt\">Sono diventata operatrice sociosanitaria e oggi lavoro come responsabile delle attivit\u00e0 assistenziali (RAS) presso la cooperativa sociale Aurora Domus. Sono stata volontaria nel Centro Antiviolenza di Parma, dove ho operato come mediatrice culturale per le donne arabe.<\/span><\/p>\n<p style=\"text-align: justify\"><span style=\"font-size: 10pt\">Nel 2016 ho fondato Al Amal, un\u2019associazione che si occupa sia di offrire assistenza agli immigrati, ma anche sostegno alle famiglie straniere ed in particolare ai loro figli, in modo tale che possano trovare una loro identit\u00e0 sociale e culturale. Collaboriamo con la scuola\u00a0araba e con la scuola d\u2019italiano per formare le donne arabe, ma devo dire che in generale partecipiamo a tutte le attivit\u00e0 a favore di tutte le donne.<\/span><\/p>\n<p style=\"text-align: justify\"><span style=\"font-size: 10pt\">Sono stata eletta consigliera comunale di Parma nel 2017 e sono tutt\u2019ora in carica.<\/span><\/p>\n<p><span style=\"color: #ff0000;font-size: 13.3333px;text-align: justify\">Passiamo ora allo specifico di questa monografia: l\u2019intervista. Ti faremo alcune essenziali domande affinch\u00e9 attraverso le tue risposte si possa continuare a tracciare un solco positivo all\u2019interno della societ\u00e0, grazie al quale poter proseguire la nostra semina di buone intenzioni e di azioni efficaci per la costruzione di una cultura fondata sul rispetto di genere e priva di qualsiasi forma di violenza, soprattutto nei confronti delle donne.<\/span><\/p>\n<p style=\"text-align: justify\"><strong style=\"text-align: justify;font-size: 13.3333px\"><span style=\"color: #ff0000\">1) Quale \u00e8 stata la gioia pi\u00f9 grande che hai provato nella tua vita?<\/span><\/strong><br \/>\n<span style=\"font-size: 10pt\">La gioia pi\u00f9 grande che ho provato \u00e8 stata quando ho deciso di tornare in Italia da sola con i miei figli e ricominciare una nuova vita.<\/span><\/p>\n<p style=\"text-align: justify\"><strong style=\"text-align: justify;font-size: 13.3333px\"><span style=\"color: #ff0000\">2) E invece quale \u00e8 stato il dolore che pi\u00f9 ti ha segnato profondamente l\u2019animo?<\/span><\/strong><br \/>\n<span style=\"font-size: 10pt\">Il dolore che mi ha segnato pi\u00f9 profondamente \u00e8 stato quando ho dovuto lasciare mio figlio Ibrahim in Marocco all\u2019et\u00e0 di circa 3 anni e tornare in Italia da sola.<\/span><\/p>\n<p style=\"text-align: justify\"><strong style=\"text-align: justify;font-size: 13.3333px\"><span style=\"color: #ff0000\">3) Questo dolore come ha condizionato la tua vita? Come sei riuscita a trasformare questo dolore in voglia di farcela?<\/span><\/strong><br \/>\n<span style=\"font-size: 10pt\">Questa scelta ha condizionato la mia vita ed ha trasformato il dolore in rabbia, diciamo una rabbia positiva che mi ha dato\u00a0<strong>la forza di lottare<\/strong>\u00a0e sfidare tutto e tutti.<\/span><\/p>\n<p style=\"text-align: justify\"><strong style=\"text-align: justify;font-size: 13.3333px\"><span style=\"color: #ff0000\">4) Quanti sacrifici hai dovuto fare per essere la donna che sei ora? E per ricoprire il ruolo che oggi hai nella societ\u00e0 (civile&#8230; lavorativa&#8230;)?<\/span><\/strong><br \/>\n<span style=\"font-size: 10pt\">Ho fatto tutti i lavori possibili immaginabili: collaboratrice domestica, pulizie, lavorando\u00a0notte e giorno e frequentando le scuole superiori serali per prendere il diploma. Ho conseguito il titolo di OSS, mediatrice interculturale, Responsabile dei Servizi Socioassistenziali (RAS), ho fondato un\u2019associazione di promozione sociale ed ho intrapreso la strada della politica diventando consigliera comunale della mia citt\u00e0.<\/span><\/p>\n<p style=\"text-align: justify\"><strong style=\"text-align: justify;color: #ff0000;font-size: 13.3333px\">5) Se volessi con una parola definire la situazione della donna oggi nel mondo, quale useresti? E per quale motivo useresti questa parola?<\/strong><br \/>\n<span style=\"font-size: 10pt\">Per definire la donna in questo momento userei molte parole. Quella che prediligo per\u00f2 \u00e8\u00a0<strong>motore della societ\u00e0<\/strong>; oggi, infatti, la donna \u00e8 il fulcro di tutto, \u00e8 madre, figlia, amica e lavoratrice.<\/span><\/p>\n<p style=\"text-align: justify\"><strong style=\"text-align: justify;font-size: 13.3333px\"><span style=\"color: #ff0000\">6) In che modo la societ\u00e0 deve cambiare, affinch\u00e9 si concretizzi un pensiero collettivo di progresso civile e culturale grazie al quale la donna sia finalmente libera, emancipata e mai pi\u00f9 soggiogata al potere e alle volont\u00e0 maschili?<\/span><\/strong><br \/>\n<span style=\"font-size: 10pt\">Il punto fondamentale \u00e8 che la politica deve essere in grado di\u00a0<strong>comprendere e valorizzare le esigenze delle donne<\/strong>\u00a0agevolandole nel loro percorso naturale di vita: dall\u2019istruzione, che deve essere garantita a tutte, alla maternit\u00e0, che non pu\u00f2 penalizzare la possibilit\u00e0 di\u00a0lavorare, ma, anzi, creare dei percorsi che favoriscano la possibilit\u00e0 di essere madri e allo stesso tempo di lavorare ed esprimersi al meglio nel proprio ambito.<\/span><\/p>\n<p style=\"text-align: justify\"><strong style=\"text-align: justify;font-size: 13.3333px\"><span style=\"color: #ff0000\">7) Quale consiglio vorresti dare ad una donna che sta vivendo una situazione di difficolt\u00e0?<\/span><\/strong><br \/>\n<span style=\"font-size: 10pt\">Deve avere bene in mente e chiaro l\u2019obiettivo finale a cui deve e pu\u00f2 arrivare solo ed esclusivamente mettendosi in gioco in prima persona senza timore di sbagliare. Perch\u00e9 dentro di noi abbiamo una forza che solamente nei momenti di difficolt\u00e0 siamo in grado di tirare fuori.<\/span><\/p>\n<p style=\"text-align: justify\"><span style=\"font-size: 13.3333px;text-align: justify;color: #ff0000\">Nabila<\/span><span style=\"font-size: 13.3333px;text-align: justify\">,<\/span><span style=\"text-align: justify;color: #ff0000;font-size: 13.3333px\">\u00a0ti ringraziamo per il prezioso tempo che ci hai dedicato. Ti auguriamo che tutti i tuoi sogni si possano realizzare sia in ambito personale che lavorativo. Prima di lasciarci per\u00f2, a chiosa finale di questo nostro incontro virtuale,\u00a0<\/span><strong style=\"text-align: justify;color: #ff0000;font-size: 13.3333px\">vorremmo che tu facessi un appello contro la violenza sulle donne<\/strong><span style=\"text-align: justify;color: #ff0000;font-size: 13.3333px\">.<\/span><br \/>\n<span style=\"font-size: 10pt\">Credo che oggi le donne abbiano la grande opportunit\u00e0\u00a0<strong>di decidere della loro vita<\/strong>. Non devono permettere a nessuno, che sia il loro padre, marito, figlio, datore di lavoro, di esercitare un atto di violenza nei loro confronti.<\/span><\/p>\n<p style=\"text-align: justify\"><span style=\"font-size: 10pt\">Devono denunciare ogni minimo abuso alle autorit\u00e0 preposte.<\/span><\/p>\n<p style=\"text-align: justify\"><span style=\"font-size: 10pt\">Nessuno ha il diritto di esercitare violenza sulle donne, n\u00e9 verbale, n\u00e9 tantomeno fisica: la legge pu\u00f2 tutelarle e molte associazioni possono aiutarle ad uscire da rapporti malati e devastanti.<\/span><\/p>\n<p style=\"text-align: justify\"><span style=\"font-size: 10pt\">Non siete sole, abbiate il coraggio di denunciare immediatamente le violenze subite. \u00c8 la vostra vita.<\/span><\/p>\n<p style=\"text-align: justify\"><span style=\"font-size: 10pt\">Fatelo per voi e per chi davvero vi vuole bene.<\/span><\/p>\n<p>&nbsp;<\/p>\n<p>&nbsp;<\/p>\n<div class=\"gsp_post_data\" \r\n\t            data-post_type=\"post\" \r\n\t            data-cat=\"lotto-mensilmente-lotto-mensimlmente\" \r\n\t            data-modified=\"120\"\r\n\t            data-created=\"1637835202\"\r\n\t            data-title=\"Parla con me e con Nabila Mhaidra\" \r\n\t            data-home=\"https:\/\/www.firstcisl.it\/emiliaromagna\"><\/div>","protected":false},"excerpt":{"rendered":"<p>In occasione della\u00a0Giornata internazionale contro la violenza sulle donne, presentiamo, per la rassegna di Parla con me, una donna che ha avuto il coraggio di guardarsi dentro, raccogliere le proprie forze e diventare un esempio di rinascita. Chiudiamo simbolicamente un anno difficile, segnato dalla pandemia che di certo non ha aiutato le donne, maggiormente interessate [&hellip;]<\/p>\n","protected":false},"author":55,"featured_media":3861,"comment_status":"closed","ping_status":"closed","sticky":false,"template":"","format":"standard","meta":{"footnotes":""},"categories":[36],"tags":[],"class_list":["post-4161","post","type-post","status-publish","format-standard","has-post-thumbnail","hentry","category-lotto-mensilmente-lotto-mensimlmente"],"_links":{"self":[{"href":"https:\/\/www.firstcisl.it\/emiliaromagna\/wp-json\/wp\/v2\/posts\/4161","targetHints":{"allow":["GET"]}}],"collection":[{"href":"https:\/\/www.firstcisl.it\/emiliaromagna\/wp-json\/wp\/v2\/posts"}],"about":[{"href":"https:\/\/www.firstcisl.it\/emiliaromagna\/wp-json\/wp\/v2\/types\/post"}],"author":[{"embeddable":true,"href":"https:\/\/www.firstcisl.it\/emiliaromagna\/wp-json\/wp\/v2\/users\/55"}],"replies":[{"embeddable":true,"href":"https:\/\/www.firstcisl.it\/emiliaromagna\/wp-json\/wp\/v2\/comments?post=4161"}],"version-history":[{"count":6,"href":"https:\/\/www.firstcisl.it\/emiliaromagna\/wp-json\/wp\/v2\/posts\/4161\/revisions"}],"predecessor-version":[{"id":4169,"href":"https:\/\/www.firstcisl.it\/emiliaromagna\/wp-json\/wp\/v2\/posts\/4161\/revisions\/4169"}],"wp:featuredmedia":[{"embeddable":true,"href":"https:\/\/www.firstcisl.it\/emiliaromagna\/wp-json\/wp\/v2\/media\/3861"}],"wp:attachment":[{"href":"https:\/\/www.firstcisl.it\/emiliaromagna\/wp-json\/wp\/v2\/media?parent=4161"}],"wp:term":[{"taxonomy":"category","embeddable":true,"href":"https:\/\/www.firstcisl.it\/emiliaromagna\/wp-json\/wp\/v2\/categories?post=4161"},{"taxonomy":"post_tag","embeddable":true,"href":"https:\/\/www.firstcisl.it\/emiliaromagna\/wp-json\/wp\/v2\/tags?post=4161"}],"curies":[{"name":"wp","href":"https:\/\/api.w.org\/{rel}","templated":true}]}}