{"id":4118,"date":"2021-10-08T10:06:37","date_gmt":"2021-10-08T08:06:37","guid":{"rendered":"https:\/\/www.firstcisl.it\/emiliaromagna\/?p=4118"},"modified":"2021-10-08T10:06:37","modified_gmt":"2021-10-08T08:06:37","slug":"parla-con-me-e-con-daniela-bartolozzi","status":"publish","type":"post","link":"https:\/\/www.firstcisl.it\/emiliaromagna\/2021\/10\/08\/parla-con-me-e-con-daniela-bartolozzi\/","title":{"rendered":"Parla con me e con Daniela Bartolozzi"},"content":{"rendered":"<p style=\"text-align: justify\"><span style=\"font-size: 10pt\"><strong>Daniela Bartolozzi<\/strong>\u00a0\u00e8 una donna talmente sorridente e allegra, che quando la incontri ti trasmette una gioia di vivere immensa.<\/span><\/p>\n<p style=\"text-align: justify\"><span style=\"font-size: 10pt\">I suoi sono occhi svegli e accesi e sono stati in grado di guardare in faccia il dolore vero, la mancanza, la solitudine e la fatica.<\/span><\/p>\n<p style=\"text-align: justify\"><span style=\"font-size: 10pt\">La sofferenza che l&#8217;ha travolta si \u00e8 ramificata, passo dopo passo,\u00a0<strong>in un germoglio di nuova vita<\/strong>\u00a0sul quale ora soffia una piacevole brezza inaspettata.<\/span><\/p>\n<p style=\"text-align: justify\"><span style=\"font-size: 10pt\">Malgrado questo, quando incontri Daniela, hai sempre la sensazione di stare di fronte ad una donna che riesce a vedere il bello di ci\u00f2 che sta intorno, una persona che sa guardare la realt\u00e0 cos\u00ec com\u2019\u00e8, ma che prova sempre a trasformarla in qualcosa di migliore, con una delicatezza che appartiene solo a chi \u00e8 consapevole del fatto che non cercare di essere felici sia la sola irrimediabile tragedia della vita.<\/span><\/p>\n<p style=\"text-align: justify\"><span style=\"font-size: 10pt\">Daniela si \u00e8 caricata il peso di un dolore immenso, riuscendo per\u00f2 a trasformarlo in uno scrigno dove raccogliere tutta la voglia di essere semplicemente Daniela.<\/span><\/p>\n<p style=\"text-align: justify\"><span style=\"font-size: 10pt\">Ciao\u00a0<strong>Daniela<\/strong>, benvenuta in questo nostro piccolo spazio de L\u2019otto mensilmente, da anni gentilmente ospitato da First Cisl Emilia Romagna.<\/span><\/p>\n<p style=\"text-align: justify\"><span style=\"text-align: justify;color: #ff0000;font-size: 13.3333px\">Ti abbiamo invitata perch\u00e9 tu ci possa raccontare un po\u2019 di te attraverso una brevissima intervista; tuttavia, prima di iniziare con le domande vere e proprie, vogliamo che ti presenti al pubblico attraverso un piccolo riassunto sulla tua vita:\u00a0<\/span><strong style=\"text-align: justify;color: #ff0000;font-size: 13.3333px\">raccontaci chi sei, che studi hai fatto e di cosa di occupi oggi<\/strong><span style=\"text-align: justify;color: #ff0000;font-size: 13.3333px\">.<\/span><br \/>\n<span style=\"font-size: 10pt\">Mi chiamo Daniela, ho 53 anni e sono una creativa\u2026 ho iniziato quasi per scherzo a lavorare in pasticceria finite le scuole medie e mi sono innamorata di questo lavoro che ho preso talmente sul serio fintanto da iscrivermi a diversi corsi di pasticceria. Nel frattempo, mi sono sposata e ho avuto una figlia e ho preso parte a corsi di vetrinista per poter dare ulteriore sfogo alla mia vena artistica.<\/span><\/p>\n<p style=\"text-align: justify\"><span style=\"font-size: 10pt\">Nel 2014 finalmente realizzo il mio sogno: aprire un negozio dove la mia creativit\u00e0 potesse concretizzarsi, regalando un po\u2019 di magia nel confezionare bomboniere e allestendo non solo matrimoni, ma anche ogni occasione speciale della vita\u2026 cucendo angeli, bambole e tutto quello che serve per l\u2019arrivo di un bimbo.<\/span><\/p>\n<p style=\"text-align: justify\"><span style=\"font-size: 10pt\">Nel 2104 poco dopo aver aperto il negozio mio marito \u00e8 mancato, e dopo tre anni ho chiuso questa attivit\u00e0 continuando con i mercatini\u2026<\/span><\/p>\n<p style=\"text-align: justify\"><span style=\"font-size: 10pt\">Oggi curo i miei pronipoti e dei bambini francesi da pi\u00f9 di 4 anni, continuo a creare perch\u00e9 mi fa sentire viva.<\/span><\/p>\n<p style=\"text-align: justify\"><span style=\"color: #ff0000;font-size: 13.3333px;text-align: justify\">Passiamo ora allo specifico di questa monografia: l\u2019intervista. Ti faremo alcune essenziali domande affinch\u00e9 attraverso le tue risposte si possa continuare a tracciare un solco positivo all\u2019interno della societ\u00e0, grazie al quale poter proseguire la nostra semina di buone intenzioni e di azioni efficaci per la costruzione di una cultura fondata sul rispetto di genere e priva di qualsiasi forma di violenza, soprattutto nei confronti delle donne.<\/span><\/p>\n<p style=\"text-align: justify\"><strong style=\"text-align: justify;font-size: 13.3333px\"><span style=\"color: #ff0000\">1) Quale \u00e8 stata la gioia pi\u00f9 grande che hai provato nella tua vita?<\/span><\/strong><br \/>\n<span style=\"font-size: 10pt\">Quando \u00e8 nata mia figlia&#8230; il dolore di sapere di non poter avere un figlio, la ricerca per capire se con i nostri problemi ci fosse qualcuno che ci poteva aiutare e la gioia di poter iniziare, insieme a tante altre coppie, un percorso fatto di cure e tanta speranza, fino a vedere mia figlia venire al mondo\u2026 tutto questo percorso mi ha segnata e mi ha dato ancora pi\u00f9\u00a0<strong>fiducia nella vita<\/strong>\u00a0e nelle persone. E personalmente sono molto grata alla ricerca, che deve continuare ad andare avanti per aiutare altre persone, come ha fatto con me.<\/span><\/p>\n<p style=\"text-align: justify\"><strong style=\"text-align: justify;font-size: 13.3333px\"><span style=\"color: #ff0000\">2) E invece quale \u00e8 stato il dolore che pi\u00f9 ti ha segnato profondamente l\u2019animo?<\/span><\/strong><br \/>\n<span style=\"font-size: 10pt\">Il dolore pi\u00f9 grande&#8230; la morte di mio marito.<\/span><\/p>\n<p style=\"text-align: justify\"><strong style=\"text-align: justify;font-size: 13.3333px\"><span style=\"color: #ff0000\">3) Questo dolore come ha condizionato la tua vita? Come sei riuscita a trasformare questo dolore in voglia di farcela?<\/span><\/strong><br \/>\n<span style=\"font-size: 10pt\">Sono vissuta in una bolla&#8230; pensando solo a come crescere da sola mia figlia che allora aveva 14 anni, e cercando di risolvere tutti i problemi che mi aveva lasciato mio marito, annullando completamente me stessa&#8230; il dolore si \u00e8 trasformato solo dopo qualche anno\u00a0<strong>quando \u00e8 arrivata un\u2019amica<\/strong>\u00a0che \u00e8 anche psicologa e che mi ha aiutato a fare un percorso per riprendere in mano la mia vita&#8230; e grazie a lei ci sono riuscita, pensando che ci sono anch\u2019io e che la vita ha ancora qualcosa di bello da offrire, basta volerlo!<\/span><\/p>\n<p style=\"text-align: justify\"><strong style=\"text-align: justify;font-size: 13.3333px\"><span style=\"color: #ff0000\">4) Quanti sacrifici hai dovuto fare per essere la donna che sei ora? E per ricoprire il ruolo che oggi hai nella societ\u00e0 (civile&#8230; lavorativa&#8230;)?<\/span><\/strong><br \/>\n<span style=\"font-size: 10pt\">Ogni sacrificio e ogni dolore mi hanno permesso di crescere e di diventare la donna che sono adesso, indipendente e soprattutto consapevole di quello che valgo! In campo lavorativo non ho mai avuto grossi problemi a ricoprire il ruolo che ho, perch\u00e9 nel mio ramo essere donna \u00e8 un privilegio!<\/span><\/p>\n<p style=\"text-align: justify\"><strong style=\"text-align: justify;color: #ff0000;font-size: 13.3333px\">5) Se volessi con una parola definire la situazione della donna oggi nel mondo, quale useresti? E per quale motivo useresti questa parola?<\/strong><br \/>\n<span style=\"font-size: 10pt\">Determinata! Perch\u00e9 con la forza di volont\u00e0 che ha pu\u00f2 arrivare e fare qualunque cosa anche contro tutte le difficolt\u00e0.<\/span><\/p>\n<p style=\"text-align: justify\"><strong style=\"text-align: justify;font-size: 13.3333px\"><span style=\"color: #ff0000\">6) In che modo la societ\u00e0 deve cambiare, affinch\u00e9 si concretizzi un pensiero collettivo di progresso civile e culturale grazie al quale la donna sia finalmente libera, emancipata e mai pi\u00f9 soggiogata al potere e alle volont\u00e0 maschili?<\/span><\/strong><br \/>\n<span style=\"font-size: 10pt\">Innanzitutto, deve partire dalla donna&#8230;\u00a0<strong>non bisogna permettere a nessun uomo di farci sentire inferiori<\/strong>\u00a0e forse allora saremo pi\u00f9 libere e in grado di prendere il comando anche nel mondo!<\/span><\/p>\n<p style=\"text-align: justify\"><strong style=\"text-align: justify;font-size: 13.3333px\"><span style=\"color: #ff0000\">7) Quale consiglio vorresti dare ad una donna che sta vivendo una situazione di difficolt\u00e0?<\/span><\/strong><br \/>\n<span style=\"font-size: 10pt\">Un consiglio \u00e8 farsi aiutare da qualcuno che sia qualificato perch\u00e9 molte volte anche se pensi di farcela, a lungo andare, le problematiche saltano sempre fuori.<\/span><\/p>\n<p style=\"text-align: justify\"><span style=\"font-size: 10pt\"><span style=\"color: #ff0000\">Daniela\u00a0<\/span><span style=\"color: #ff0000;font-size: 13.3333px;text-align: justify\">ti ringraziamo per il prezioso tempo che ci hai dedicato. Ti auguriamo che tutti i tuoi sogni si possano realizzare sia in ambito personale che lavorativo. Prima di lasciarci per\u00f2, a chiosa finale di questo nostro incontro virtuale,\u00a0<\/span><strong style=\"color: #ff0000;font-size: 13.3333px;text-align: justify\">vorremmo che tu facessi un appello contro la violenza sulle donne<\/strong><span style=\"color: #ff0000;font-size: 13.3333px;text-align: justify\">.<\/span><\/span><br \/>\n<span style=\"font-size: 10pt\">Abbiate la forza di denunciare chi vi fa del male&#8230; e\u00a0<strong>imparate ad amarvi<\/strong>, solo allora vincerete!<\/span><\/p>\n<p>&nbsp;<\/p>\n<p>&nbsp;<\/p>\n<div class=\"gsp_post_data\" \r\n\t            data-post_type=\"post\" \r\n\t            data-cat=\"lotto-mensilmente-lotto-mensimlmente\" \r\n\t            data-modified=\"120\"\r\n\t            data-created=\"1633687597\"\r\n\t            data-title=\"Parla con me e con Daniela Bartolozzi\" \r\n\t            data-home=\"https:\/\/www.firstcisl.it\/emiliaromagna\"><\/div>","protected":false},"excerpt":{"rendered":"<p>Daniela Bartolozzi\u00a0\u00e8 una donna talmente sorridente e allegra, che quando la incontri ti trasmette una gioia di vivere immensa. I suoi sono occhi svegli e accesi e sono stati in grado di guardare in faccia il dolore vero, la mancanza, la solitudine e la fatica. La sofferenza che l&#8217;ha travolta si \u00e8 ramificata, passo dopo [&hellip;]<\/p>\n","protected":false},"author":55,"featured_media":3861,"comment_status":"closed","ping_status":"closed","sticky":false,"template":"","format":"standard","meta":{"footnotes":""},"categories":[36],"tags":[],"class_list":["post-4118","post","type-post","status-publish","format-standard","has-post-thumbnail","hentry","category-lotto-mensilmente-lotto-mensimlmente"],"_links":{"self":[{"href":"https:\/\/www.firstcisl.it\/emiliaromagna\/wp-json\/wp\/v2\/posts\/4118","targetHints":{"allow":["GET"]}}],"collection":[{"href":"https:\/\/www.firstcisl.it\/emiliaromagna\/wp-json\/wp\/v2\/posts"}],"about":[{"href":"https:\/\/www.firstcisl.it\/emiliaromagna\/wp-json\/wp\/v2\/types\/post"}],"author":[{"embeddable":true,"href":"https:\/\/www.firstcisl.it\/emiliaromagna\/wp-json\/wp\/v2\/users\/55"}],"replies":[{"embeddable":true,"href":"https:\/\/www.firstcisl.it\/emiliaromagna\/wp-json\/wp\/v2\/comments?post=4118"}],"version-history":[{"count":1,"href":"https:\/\/www.firstcisl.it\/emiliaromagna\/wp-json\/wp\/v2\/posts\/4118\/revisions"}],"predecessor-version":[{"id":4119,"href":"https:\/\/www.firstcisl.it\/emiliaromagna\/wp-json\/wp\/v2\/posts\/4118\/revisions\/4119"}],"wp:featuredmedia":[{"embeddable":true,"href":"https:\/\/www.firstcisl.it\/emiliaromagna\/wp-json\/wp\/v2\/media\/3861"}],"wp:attachment":[{"href":"https:\/\/www.firstcisl.it\/emiliaromagna\/wp-json\/wp\/v2\/media?parent=4118"}],"wp:term":[{"taxonomy":"category","embeddable":true,"href":"https:\/\/www.firstcisl.it\/emiliaromagna\/wp-json\/wp\/v2\/categories?post=4118"},{"taxonomy":"post_tag","embeddable":true,"href":"https:\/\/www.firstcisl.it\/emiliaromagna\/wp-json\/wp\/v2\/tags?post=4118"}],"curies":[{"name":"wp","href":"https:\/\/api.w.org\/{rel}","templated":true}]}}