{"id":3203,"date":"2019-06-21T11:42:51","date_gmt":"2019-06-21T09:42:51","guid":{"rendered":"https:\/\/www.firstcisl.it\/emiliaromagna\/?p=3203"},"modified":"2019-06-21T11:42:51","modified_gmt":"2019-06-21T09:42:51","slug":"il-nostro-e-un-paese-per-allegri-vecchietti","status":"publish","type":"post","link":"https:\/\/www.firstcisl.it\/emiliaromagna\/2019\/06\/21\/il-nostro-e-un-paese-per-allegri-vecchietti\/","title":{"rendered":"Il nostro \u00e8 un paese per allegri vecchietti"},"content":{"rendered":"<p style=\"text-align: justify\"><span style=\"font-size: 10pt\">Al di l\u00e0 delle battute, capire il contesto demografico del nostro paese, secondo al mondo per longevit\u00e0 dopo il Giappone, \u00e8 utile per elaborare strategie contrattuali, previdenziali e di welfare.<\/span><\/p>\n<p style=\"text-align: justify\"><span style=\"font-size: 10pt\">Buona\u00a0<span style=\"text-decoration: underline\"><strong><a href=\"https:\/\/www.corriere.it\/economia\/lavoro\/19_giugno_20\/istat-l-italia-testa-ultracentenari-nostro-paese-vecchi-che-si-divertono-370c8af2-9339-11e9-ba7a-83e003df18c5.shtml\" target=\"_blank\" rel=\"noopener\">lettura<\/a><\/strong><\/span>.<\/span><\/p>\n<p>&nbsp;<\/p>\n<p>&nbsp;<\/p>\n<div class=\"gsp_post_data\" \r\n\t            data-post_type=\"post\" \r\n\t            data-cat=\"in-primo-piano\" \r\n\t            data-modified=\"120\"\r\n\t            data-created=\"1561117371\"\r\n\t            data-title=\"Il nostro \u00e8 un paese per allegri vecchietti\" \r\n\t            data-home=\"https:\/\/www.firstcisl.it\/emiliaromagna\"><\/div>","protected":false},"excerpt":{"rendered":"<p>Al di l\u00e0 delle battute, capire il contesto demografico del nostro paese, secondo al mondo per longevit\u00e0 dopo il Giappone, \u00e8 utile per elaborare strategie contrattuali, previdenziali e di welfare. Buona\u00a0lettura. &nbsp; &nbsp;<\/p>\n","protected":false},"author":55,"featured_media":3204,"comment_status":"closed","ping_status":"closed","sticky":false,"template":"","format":"standard","meta":{"footnotes":""},"categories":[4],"tags":[],"class_list":["post-3203","post","type-post","status-publish","format-standard","has-post-thumbnail","hentry","category-in-primo-piano"],"_links":{"self":[{"href":"https:\/\/www.firstcisl.it\/emiliaromagna\/wp-json\/wp\/v2\/posts\/3203","targetHints":{"allow":["GET"]}}],"collection":[{"href":"https:\/\/www.firstcisl.it\/emiliaromagna\/wp-json\/wp\/v2\/posts"}],"about":[{"href":"https:\/\/www.firstcisl.it\/emiliaromagna\/wp-json\/wp\/v2\/types\/post"}],"author":[{"embeddable":true,"href":"https:\/\/www.firstcisl.it\/emiliaromagna\/wp-json\/wp\/v2\/users\/55"}],"replies":[{"embeddable":true,"href":"https:\/\/www.firstcisl.it\/emiliaromagna\/wp-json\/wp\/v2\/comments?post=3203"}],"version-history":[{"count":1,"href":"https:\/\/www.firstcisl.it\/emiliaromagna\/wp-json\/wp\/v2\/posts\/3203\/revisions"}],"predecessor-version":[{"id":3205,"href":"https:\/\/www.firstcisl.it\/emiliaromagna\/wp-json\/wp\/v2\/posts\/3203\/revisions\/3205"}],"wp:featuredmedia":[{"embeddable":true,"href":"https:\/\/www.firstcisl.it\/emiliaromagna\/wp-json\/wp\/v2\/media\/3204"}],"wp:attachment":[{"href":"https:\/\/www.firstcisl.it\/emiliaromagna\/wp-json\/wp\/v2\/media?parent=3203"}],"wp:term":[{"taxonomy":"category","embeddable":true,"href":"https:\/\/www.firstcisl.it\/emiliaromagna\/wp-json\/wp\/v2\/categories?post=3203"},{"taxonomy":"post_tag","embeddable":true,"href":"https:\/\/www.firstcisl.it\/emiliaromagna\/wp-json\/wp\/v2\/tags?post=3203"}],"curies":[{"name":"wp","href":"https:\/\/api.w.org\/{rel}","templated":true}]}}