{"id":3200,"date":"2019-06-20T11:10:44","date_gmt":"2019-06-20T09:10:44","guid":{"rendered":"https:\/\/www.firstcisl.it\/emiliaromagna\/?p=3200"},"modified":"2019-06-20T11:10:44","modified_gmt":"2019-06-20T09:10:44","slug":"lonnipotenza-di-facebook","status":"publish","type":"post","link":"https:\/\/www.firstcisl.it\/emiliaromagna\/2019\/06\/20\/lonnipotenza-di-facebook\/","title":{"rendered":"L\u2019onnipotenza di Facebook"},"content":{"rendered":"<p style=\"text-align: justify\"><span style=\"font-size: 10pt\">Facebook annuncia la creazione (fra un anno) di una propria moneta virtuale, garantita da un consorzio tra i maggiori operatori nei settori finanziari e delle comunicazioni.<\/span><\/p>\n<p style=\"text-align: justify\"><span style=\"font-size: 10pt\">Si parler\u00e0 di blockchain, ma non lasciatevi suggestionare: \u00e8 usata solo come sistema crittografato di contabilizzazione.<\/span><\/p>\n<p style=\"text-align: justify\"><span style=\"font-size: 10pt\">Comunque vada \u00e8 un annuncio storico. Se l\u2019utilizzo sar\u00e0 facile e conveniente avr\u00e0 successo e cambier\u00e0 gli equilibri della finanza mondiale (e non sempre in senso positivo: come sindacato siamo vivamente preoccupati!); se sar\u00e0 una bolla di sapone, segner\u00e0 per molto tempo la fine dei tentativi di questo tipo perch\u00e9 non sar\u00e0 pi\u00f9 possibile aggregare intorno ad un progetto simile una platea di operatori altrettanto prestigiosa.<\/span><br \/>\n<span style=\"font-size: 10pt\">Comunque vada dopo la giornata di ieri un pezzo di mondo non sar\u00e0 pi\u00f9 uguale a prima.<\/span><\/p>\n<p style=\"text-align: justify\"><span style=\"font-size: 10pt\">Per approfondimenti leggi l\u2019<span style=\"text-decoration: underline\"><strong><a href=\"https:\/\/www.linkiesta.it\/it\/article\/2019\/06\/18\/facebook-criptovaluta-libra-cosa-succede\/42562\/\" target=\"_blank\" rel=\"noopener\">articolo<\/a><\/strong><\/span>\u00a0di Andrea Fioravanti per\u00a0<a href=\"https:\/\/www.linkiesta.it\/it\/\" target=\"_blank\" rel=\"noopener\">linkiesta.it<\/a>.<\/span><\/p>\n<p style=\"text-align: justify\"><span style=\"font-size: 10pt\">Buona lettura.<\/span><\/p>\n<p>&nbsp;<\/p>\n<p>&nbsp;<\/p>\n<div class=\"gsp_post_data\" \r\n\t            data-post_type=\"post\" \r\n\t            data-cat=\"in-primo-piano\" \r\n\t            data-modified=\"120\"\r\n\t            data-created=\"1561029044\"\r\n\t            data-title=\"L\u2019onnipotenza di Facebook\" \r\n\t            data-home=\"https:\/\/www.firstcisl.it\/emiliaromagna\"><\/div>","protected":false},"excerpt":{"rendered":"<p>Facebook annuncia la creazione (fra un anno) di una propria moneta virtuale, garantita da un consorzio tra i maggiori operatori nei settori finanziari e delle comunicazioni. Si parler\u00e0 di blockchain, ma non lasciatevi suggestionare: \u00e8 usata solo come sistema crittografato di contabilizzazione. Comunque vada \u00e8 un annuncio storico. Se l\u2019utilizzo sar\u00e0 facile e conveniente avr\u00e0 [&hellip;]<\/p>\n","protected":false},"author":55,"featured_media":3201,"comment_status":"closed","ping_status":"closed","sticky":false,"template":"","format":"standard","meta":{"footnotes":""},"categories":[4],"tags":[],"class_list":["post-3200","post","type-post","status-publish","format-standard","has-post-thumbnail","hentry","category-in-primo-piano"],"_links":{"self":[{"href":"https:\/\/www.firstcisl.it\/emiliaromagna\/wp-json\/wp\/v2\/posts\/3200","targetHints":{"allow":["GET"]}}],"collection":[{"href":"https:\/\/www.firstcisl.it\/emiliaromagna\/wp-json\/wp\/v2\/posts"}],"about":[{"href":"https:\/\/www.firstcisl.it\/emiliaromagna\/wp-json\/wp\/v2\/types\/post"}],"author":[{"embeddable":true,"href":"https:\/\/www.firstcisl.it\/emiliaromagna\/wp-json\/wp\/v2\/users\/55"}],"replies":[{"embeddable":true,"href":"https:\/\/www.firstcisl.it\/emiliaromagna\/wp-json\/wp\/v2\/comments?post=3200"}],"version-history":[{"count":1,"href":"https:\/\/www.firstcisl.it\/emiliaromagna\/wp-json\/wp\/v2\/posts\/3200\/revisions"}],"predecessor-version":[{"id":3202,"href":"https:\/\/www.firstcisl.it\/emiliaromagna\/wp-json\/wp\/v2\/posts\/3200\/revisions\/3202"}],"wp:featuredmedia":[{"embeddable":true,"href":"https:\/\/www.firstcisl.it\/emiliaromagna\/wp-json\/wp\/v2\/media\/3201"}],"wp:attachment":[{"href":"https:\/\/www.firstcisl.it\/emiliaromagna\/wp-json\/wp\/v2\/media?parent=3200"}],"wp:term":[{"taxonomy":"category","embeddable":true,"href":"https:\/\/www.firstcisl.it\/emiliaromagna\/wp-json\/wp\/v2\/categories?post=3200"},{"taxonomy":"post_tag","embeddable":true,"href":"https:\/\/www.firstcisl.it\/emiliaromagna\/wp-json\/wp\/v2\/tags?post=3200"}],"curies":[{"name":"wp","href":"https:\/\/api.w.org\/{rel}","templated":true}]}}