{"id":3133,"date":"2019-05-24T09:49:11","date_gmt":"2019-05-24T07:49:11","guid":{"rendered":"https:\/\/www.firstcisl.it\/emiliaromagna\/?p=3133"},"modified":"2019-05-24T09:49:11","modified_gmt":"2019-05-24T07:49:11","slug":"chi-ha-creato-gli-npl","status":"publish","type":"post","link":"https:\/\/www.firstcisl.it\/emiliaromagna\/2019\/05\/24\/chi-ha-creato-gli-npl\/","title":{"rendered":"Chi ha creato gli NPL?"},"content":{"rendered":"<p style=\"text-align: justify\"><span style=\"font-size: 10pt\">Ci fa piacere che anche qualcun altro rilevi ci\u00f2 che sosteniamo da tempo:\u00a0<span style=\"text-decoration: underline\"><strong><a href=\"https:\/\/it.businessinsider.com\/zabeo-ufficio-studi-cgia-mestre-per-i-finanziamenti-le-banche-privilegiano-i-grandi-clienti-anche-quelli-insolvibili\/\" target=\"_blank\" rel=\"noopener\">i crediti deteriorati<\/a><\/strong><\/span>\u00a0delle banche non sono dovuti al prudente lavoro quotidiano dei colleghi che erogano credito a famiglie e piccole imprese nelle filiali, gli NPL sono colpa dei livelli superiori e dei Consigli d\u2019Amministrazione che hanno concesso a grandi debitori (che spesso negli stessi consigli siedono) crediti al di fuori di ogni logica e professionalit\u00e0.<\/span><\/p>\n<p style=\"text-align: justify\"><span style=\"font-size: 10pt\">Poi per\u00f2 chi deve affrontare le crisi, spiegare le situazioni ai clienti, sopportare i reclami, cercare di mantenere in carreggiata la propria banca, sono quelli che non hanno colpa e che, spesso, vengono anche denunciati dai clienti e, sempre, lasciati dalla propria banca soli a difendersi.<\/span><\/p>\n<p style=\"text-align: justify\"><span style=\"font-size: 10pt\">Proprio per eliminare queste debolezze la piattaforma del CCNL prevede un ripensamento completo del tema delle tutele: quando un collega entra in banca e lavora con professionalit\u00e0 e impegno deve essere coperto in tutte le sue attivit\u00e0 e debbono essere a carico della banca tutte le spese che il collega dovr\u00e0 sostenere per difendersi in giudizio.<\/span><\/p>\n<p style=\"text-align: justify\"><span style=\"font-size: 10pt\">Naturalmente questo \u00e8 solo un capitolo della piattaforma pi\u00f9 articolata che stiamo presentando ai colleghi nelle assemblee, ma un capitolo sempre pi\u00f9 importante.<\/span><\/p>\n<p>&nbsp;<\/p>\n<p>&nbsp;<\/p>\n<p>&nbsp;<\/p>\n<div class=\"gsp_post_data\" \r\n\t            data-post_type=\"post\" \r\n\t            data-cat=\"in-primo-piano\" \r\n\t            data-modified=\"120\"\r\n\t            data-created=\"1558691351\"\r\n\t            data-title=\"Chi ha creato gli NPL?\" \r\n\t            data-home=\"https:\/\/www.firstcisl.it\/emiliaromagna\"><\/div>","protected":false},"excerpt":{"rendered":"<p>Ci fa piacere che anche qualcun altro rilevi ci\u00f2 che sosteniamo da tempo:\u00a0i crediti deteriorati\u00a0delle banche non sono dovuti al prudente lavoro quotidiano dei colleghi che erogano credito a famiglie e piccole imprese nelle filiali, gli NPL sono colpa dei livelli superiori e dei Consigli d\u2019Amministrazione che hanno concesso a grandi debitori (che spesso negli [&hellip;]<\/p>\n","protected":false},"author":55,"featured_media":868,"comment_status":"closed","ping_status":"closed","sticky":false,"template":"","format":"standard","meta":{"footnotes":""},"categories":[4],"tags":[],"class_list":["post-3133","post","type-post","status-publish","format-standard","has-post-thumbnail","hentry","category-in-primo-piano"],"_links":{"self":[{"href":"https:\/\/www.firstcisl.it\/emiliaromagna\/wp-json\/wp\/v2\/posts\/3133","targetHints":{"allow":["GET"]}}],"collection":[{"href":"https:\/\/www.firstcisl.it\/emiliaromagna\/wp-json\/wp\/v2\/posts"}],"about":[{"href":"https:\/\/www.firstcisl.it\/emiliaromagna\/wp-json\/wp\/v2\/types\/post"}],"author":[{"embeddable":true,"href":"https:\/\/www.firstcisl.it\/emiliaromagna\/wp-json\/wp\/v2\/users\/55"}],"replies":[{"embeddable":true,"href":"https:\/\/www.firstcisl.it\/emiliaromagna\/wp-json\/wp\/v2\/comments?post=3133"}],"version-history":[{"count":1,"href":"https:\/\/www.firstcisl.it\/emiliaromagna\/wp-json\/wp\/v2\/posts\/3133\/revisions"}],"predecessor-version":[{"id":3134,"href":"https:\/\/www.firstcisl.it\/emiliaromagna\/wp-json\/wp\/v2\/posts\/3133\/revisions\/3134"}],"wp:featuredmedia":[{"embeddable":true,"href":"https:\/\/www.firstcisl.it\/emiliaromagna\/wp-json\/wp\/v2\/media\/868"}],"wp:attachment":[{"href":"https:\/\/www.firstcisl.it\/emiliaromagna\/wp-json\/wp\/v2\/media?parent=3133"}],"wp:term":[{"taxonomy":"category","embeddable":true,"href":"https:\/\/www.firstcisl.it\/emiliaromagna\/wp-json\/wp\/v2\/categories?post=3133"},{"taxonomy":"post_tag","embeddable":true,"href":"https:\/\/www.firstcisl.it\/emiliaromagna\/wp-json\/wp\/v2\/tags?post=3133"}],"curies":[{"name":"wp","href":"https:\/\/api.w.org\/{rel}","templated":true}]}}