{"id":2754,"date":"2019-01-10T11:18:54","date_gmt":"2019-01-10T10:18:54","guid":{"rendered":"https:\/\/www.firstcisl.it\/emiliaromagna\/?p=2754"},"modified":"2019-01-10T11:18:54","modified_gmt":"2019-01-10T10:18:54","slug":"bcc-habemus-contratto","status":"publish","type":"post","link":"https:\/\/www.firstcisl.it\/emiliaromagna\/2019\/01\/10\/bcc-habemus-contratto\/","title":{"rendered":"BCC: Habemus Contratto!"},"content":{"rendered":"<p style=\"text-align: justify\"><span style=\"font-size: 10pt\">Dopo 5 anni dalla sua scadenza, e con un ritardo di ben 2 anni rispetto ai \u201ccugini ABI\u201d, rinnovato nella serata di ieri\u00a0<span style=\"text-decoration: underline\"><strong><a href=\"https:\/\/www.firstcisl.it\/creditocooperativo\/2019\/01\/10\/first-cisl-bcc-ccnl-salvaguarda-spirito-mutualistico-ora-accordo-quadro-mobilita\/\" target=\"_blank\" rel=\"noopener\">il contratto per i lavoratori del Credito Cooperativo<\/a><\/strong><\/span>.<\/span><\/p>\n<p style=\"text-align: justify\"><span style=\"font-size: 10pt\">Positivo il giudizio di Stefano Nannetti &#8211; Responsabile Regionale Cooperfirst &#8211; settore di rappresentanza dei lavoratori BCC, che in Emilia-Romagna conta circa 3.000 addetti di cui oltre il 60% iscritti alla First Cisl: \u201cSiamo soddisfatti di questo rinnovo che ci riconosce dal 1\u00b0 gennaio un aumento di 85 euro mensili senza nessuna penalizzazione economica, come prevedeva la \u201cproposta indecente\u201d di FederCasse a settembre 2017.<\/span><\/p>\n<p style=\"text-align: justify\"><span style=\"font-size: 10pt\">Oltre alla parte economica, importanti anche altri capitoli del contratto, ma ne citerei 2 in particolare per l\u2019impatto sui colleghi:<\/span><br \/>\n<span style=\"font-size: 10pt\">\u2022 si \u00e8 tutelata la mobilit\u00e0 nella cessione individuale e collettiva dei contratti, dando continuit\u00e0 nel rapporto ed evitando l\u2019applicazione delle clausole negative del Jobs Act;<\/span><br \/>\n<span style=\"font-size: 10pt\">\u2022 \u00e8 stato confermato anche per il 2019 il sistema di calcolo per il Premio di Risultato, che dovr\u00e0 essere rivisto dal 2020 tenendo conto dell\u2019appartenenza ad un Gruppo e non alla Federazione locale.\u201d<\/span><br \/>\n<span style=\"font-size: 10pt\">Nelle prossime settimane si svolgeranno le assemblee del personale per la presentazione e l\u2019approvazione dell\u2019ipotesi di accordo.<\/span><\/p>\n<p>&nbsp;<\/p>\n<p style=\"text-align: justify\"><span style=\"font-size: 10pt\">Leggi il\u00a0<span style=\"text-decoration: underline\"><strong><a href=\"https:\/\/www.firstcisl.it\/emiliaromagna\/wp-content\/uploads\/sites\/17\/2019\/01\/2019-01-09-Rinnovato-il-CCNL-Federcasse.pdf\">comunicato<\/a><\/strong><\/span>.<\/span><\/p>\n<p>&nbsp;<\/p>\n<p>&nbsp;<\/p>\n<div class=\"gsp_post_data\" \r\n\t            data-post_type=\"post\" \r\n\t            data-cat=\"contrattazione\" \r\n\t            data-modified=\"120\"\r\n\t            data-created=\"1547119134\"\r\n\t            data-title=\"BCC: Habemus Contratto!\" \r\n\t            data-home=\"https:\/\/www.firstcisl.it\/emiliaromagna\"><\/div>","protected":false},"excerpt":{"rendered":"<p>Dopo 5 anni dalla sua scadenza, e con un ritardo di ben 2 anni rispetto ai \u201ccugini ABI\u201d, rinnovato nella serata di ieri\u00a0il contratto per i lavoratori del Credito Cooperativo. Positivo il giudizio di Stefano Nannetti &#8211; Responsabile Regionale Cooperfirst &#8211; settore di rappresentanza dei lavoratori BCC, che in Emilia-Romagna conta circa 3.000 addetti di [&hellip;]<\/p>\n","protected":false},"author":55,"featured_media":2756,"comment_status":"closed","ping_status":"closed","sticky":false,"template":"","format":"standard","meta":{"footnotes":""},"categories":[6],"tags":[],"class_list":["post-2754","post","type-post","status-publish","format-standard","has-post-thumbnail","hentry","category-contrattazione"],"_links":{"self":[{"href":"https:\/\/www.firstcisl.it\/emiliaromagna\/wp-json\/wp\/v2\/posts\/2754","targetHints":{"allow":["GET"]}}],"collection":[{"href":"https:\/\/www.firstcisl.it\/emiliaromagna\/wp-json\/wp\/v2\/posts"}],"about":[{"href":"https:\/\/www.firstcisl.it\/emiliaromagna\/wp-json\/wp\/v2\/types\/post"}],"author":[{"embeddable":true,"href":"https:\/\/www.firstcisl.it\/emiliaromagna\/wp-json\/wp\/v2\/users\/55"}],"replies":[{"embeddable":true,"href":"https:\/\/www.firstcisl.it\/emiliaromagna\/wp-json\/wp\/v2\/comments?post=2754"}],"version-history":[{"count":1,"href":"https:\/\/www.firstcisl.it\/emiliaromagna\/wp-json\/wp\/v2\/posts\/2754\/revisions"}],"predecessor-version":[{"id":2757,"href":"https:\/\/www.firstcisl.it\/emiliaromagna\/wp-json\/wp\/v2\/posts\/2754\/revisions\/2757"}],"wp:featuredmedia":[{"embeddable":true,"href":"https:\/\/www.firstcisl.it\/emiliaromagna\/wp-json\/wp\/v2\/media\/2756"}],"wp:attachment":[{"href":"https:\/\/www.firstcisl.it\/emiliaromagna\/wp-json\/wp\/v2\/media?parent=2754"}],"wp:term":[{"taxonomy":"category","embeddable":true,"href":"https:\/\/www.firstcisl.it\/emiliaromagna\/wp-json\/wp\/v2\/categories?post=2754"},{"taxonomy":"post_tag","embeddable":true,"href":"https:\/\/www.firstcisl.it\/emiliaromagna\/wp-json\/wp\/v2\/tags?post=2754"}],"curies":[{"name":"wp","href":"https:\/\/api.w.org\/{rel}","templated":true}]}}