{"id":2154,"date":"2018-08-22T11:35:37","date_gmt":"2018-08-22T09:35:37","guid":{"rendered":"http:\/\/www.firstcisl.it\/emiliaromagna\/?p=2154"},"modified":"2018-08-22T11:35:37","modified_gmt":"2018-08-22T09:35:37","slug":"approfondimenti-indennita-maternita","status":"publish","type":"post","link":"https:\/\/www.firstcisl.it\/emiliaromagna\/2018\/08\/22\/approfondimenti-indennita-maternita\/","title":{"rendered":"Approfondimenti: Indennit\u00e0 Maternit\u00e0"},"content":{"rendered":"<p style=\"text-align: justify\"><span style=\"font-size: 10pt\">Non va in ferie l\u2019impegno della FIRST CISL per l\u2019opportuna informativa ai colleghi.<\/span><\/p>\n<p style=\"text-align: justify\"><span style=\"font-size: 10pt\">In questo ambito il numero di Agosto di Approfondimenti (vedi\u00a0<span style=\"text-decoration: underline\"><strong><a href=\"\/www.firstcisl.it\/aree-tematiche\/donne-e-politiche-di-parita-e-di-genere\/approfondimenti\/\" target=\"_blank\" rel=\"noopener\">link<\/a><\/strong><\/span>), a cura della Struttura Nazionale Donne e Politiche di Parit\u00e0 e di Genere: &#8220;<span style=\"text-decoration: underline\"><strong><a href=\"https:\/\/intranet.firstcisl.it\/mediadms\/pdf\/web\/file_viewer.php?idfile=180\" target=\"_blank\" rel=\"noopener\">Indennit\u00e0 di maternit\u00e0, non pu\u00f2 essere pregiudicata dal congedo straordinario<\/a><\/strong><\/span>\u201d.<\/span><\/p>\n<p style=\"text-align: justify\"><span style=\"font-size: 10pt\">\u00a0<\/span><\/p>\n<div class=\"gsp_post_data\" \r\n\t            data-post_type=\"post\" \r\n\t            data-cat=\"in-primo-piano\" \r\n\t            data-modified=\"120\"\r\n\t            data-created=\"1534937737\"\r\n\t            data-title=\"Approfondimenti: Indennit\u00e0 Maternit\u00e0\" \r\n\t            data-home=\"https:\/\/www.firstcisl.it\/emiliaromagna\"><\/div>","protected":false},"excerpt":{"rendered":"<p>Non va in ferie l\u2019impegno della FIRST CISL per l\u2019opportuna informativa ai colleghi. In questo ambito il numero di Agosto di Approfondimenti (vedi\u00a0link), a cura della Struttura Nazionale Donne e Politiche di Parit\u00e0 e di Genere: &#8220;Indennit\u00e0 di maternit\u00e0, non pu\u00f2 essere pregiudicata dal congedo straordinario\u201d. \u00a0<\/p>\n","protected":false},"author":55,"featured_media":0,"comment_status":"closed","ping_status":"closed","sticky":false,"template":"","format":"standard","meta":{"footnotes":""},"categories":[4],"tags":[],"class_list":["post-2154","post","type-post","status-publish","format-standard","hentry","category-in-primo-piano"],"_links":{"self":[{"href":"https:\/\/www.firstcisl.it\/emiliaromagna\/wp-json\/wp\/v2\/posts\/2154","targetHints":{"allow":["GET"]}}],"collection":[{"href":"https:\/\/www.firstcisl.it\/emiliaromagna\/wp-json\/wp\/v2\/posts"}],"about":[{"href":"https:\/\/www.firstcisl.it\/emiliaromagna\/wp-json\/wp\/v2\/types\/post"}],"author":[{"embeddable":true,"href":"https:\/\/www.firstcisl.it\/emiliaromagna\/wp-json\/wp\/v2\/users\/55"}],"replies":[{"embeddable":true,"href":"https:\/\/www.firstcisl.it\/emiliaromagna\/wp-json\/wp\/v2\/comments?post=2154"}],"version-history":[{"count":1,"href":"https:\/\/www.firstcisl.it\/emiliaromagna\/wp-json\/wp\/v2\/posts\/2154\/revisions"}],"predecessor-version":[{"id":2155,"href":"https:\/\/www.firstcisl.it\/emiliaromagna\/wp-json\/wp\/v2\/posts\/2154\/revisions\/2155"}],"wp:attachment":[{"href":"https:\/\/www.firstcisl.it\/emiliaromagna\/wp-json\/wp\/v2\/media?parent=2154"}],"wp:term":[{"taxonomy":"category","embeddable":true,"href":"https:\/\/www.firstcisl.it\/emiliaromagna\/wp-json\/wp\/v2\/categories?post=2154"},{"taxonomy":"post_tag","embeddable":true,"href":"https:\/\/www.firstcisl.it\/emiliaromagna\/wp-json\/wp\/v2\/tags?post=2154"}],"curies":[{"name":"wp","href":"https:\/\/api.w.org\/{rel}","templated":true}]}}