{"id":2020,"date":"2018-07-09T09:21:44","date_gmt":"2018-07-09T07:21:44","guid":{"rendered":"http:\/\/www.firstcisl.it\/emiliaromagna\/?p=2020"},"modified":"2023-06-08T00:21:26","modified_gmt":"2023-06-07T22:21:26","slug":"lottattrici-terraferma","status":"publish","type":"post","link":"https:\/\/www.firstcisl.it\/emiliaromagna\/2018\/07\/09\/lottattrici-terraferma\/","title":{"rendered":"L\u2019Ottat(t)rici: Terraferma"},"content":{"rendered":"<p style=\"text-align: justify\"><span style=\"font-size: 10pt\">\u201cEd il buon senso sparso di qua e di la, ed il Mediterraneo culla di civilt\u00e0, la fonte inesauribile di mille biblioteche: sar\u00e0 falso! sar\u00e0 vero!\u201d<\/span><\/p>\n<p style=\"text-align: justify\"><span style=\"font-size: 10pt\">Cos\u00ec risuona una famosa canzone, che a ridosso della Giornata Internazionale del Mar Mediterraneo (vedi\u00a0<span style=\"text-decoration: underline\"><strong><a href=\"https:\/\/ilpianetazzurro.it\/giornata-internazionale-del-mediterraneo-un-mare-di-pace\/#:~:text=8%20luglio%2C%20Giornata%20Internazionale%20del,e%20ai%20troppi%20morti%20dimenticati.\" target=\"_blank\" rel=\"noopener noreferrer\">link<\/a><\/strong><\/span>) &#8211; cadente l\u20198 luglio &#8211; vogliamo simbolicamente assumere come \u201ccolonna sonora\u201d per la proposta mensile nell\u2019ambito della rassegna cinematografica L\u2019Ottat(t)rici: Terraferma (vedi\u00a0<span style=\"text-decoration: underline\"><strong><a href=\"https:\/\/www.comingsoon.it\/film\/terraferma\/48286\/scheda\/\" target=\"_blank\" rel=\"noopener noreferrer\">scheda film<\/a><\/strong><\/span>).<\/span><\/p>\n<p style=\"text-align: justify\"><span style=\"font-size: 10pt\">Senza retorica, n\u00e8 schieramento di parte, se non di quella dell\u2019oggettivit\u00e0 della situazione, coerentemente con l\u2019impostazione CISL di stare al merito delle questioni: perch\u00e9 ci\u00f2 che corrisponde al vero \u00e8 che da culla di civilt\u00e0 il Mediterraneo \u00e8 diventato letto di morte per troppi civili.<\/span><\/p>\n<div class=\"gsp_post_data\" \r\n\t            data-post_type=\"post\" \r\n\t            data-cat=\"lotto-mensilmente-lotto-mensimlmente\" \r\n\t            data-modified=\"120\"\r\n\t            data-created=\"1531128104\"\r\n\t            data-title=\"L\u2019Ottat(t)rici: Terraferma\" \r\n\t            data-home=\"https:\/\/www.firstcisl.it\/emiliaromagna\"><\/div>","protected":false},"excerpt":{"rendered":"<p>\u201cEd il buon senso sparso di qua e di la, ed il Mediterraneo culla di civilt\u00e0, la fonte inesauribile di mille biblioteche: sar\u00e0 falso! sar\u00e0 vero!\u201d Cos\u00ec risuona una famosa canzone, che a ridosso della Giornata Internazionale del Mar Mediterraneo (vedi\u00a0link) &#8211; cadente l\u20198 luglio &#8211; vogliamo simbolicamente assumere come \u201ccolonna sonora\u201d per la proposta [&hellip;]<\/p>\n","protected":false},"author":55,"featured_media":1583,"comment_status":"closed","ping_status":"closed","sticky":false,"template":"","format":"standard","meta":{"footnotes":""},"categories":[36],"tags":[],"class_list":["post-2020","post","type-post","status-publish","format-standard","has-post-thumbnail","hentry","category-lotto-mensilmente-lotto-mensimlmente"],"_links":{"self":[{"href":"https:\/\/www.firstcisl.it\/emiliaromagna\/wp-json\/wp\/v2\/posts\/2020","targetHints":{"allow":["GET"]}}],"collection":[{"href":"https:\/\/www.firstcisl.it\/emiliaromagna\/wp-json\/wp\/v2\/posts"}],"about":[{"href":"https:\/\/www.firstcisl.it\/emiliaromagna\/wp-json\/wp\/v2\/types\/post"}],"author":[{"embeddable":true,"href":"https:\/\/www.firstcisl.it\/emiliaromagna\/wp-json\/wp\/v2\/users\/55"}],"replies":[{"embeddable":true,"href":"https:\/\/www.firstcisl.it\/emiliaromagna\/wp-json\/wp\/v2\/comments?post=2020"}],"version-history":[{"count":2,"href":"https:\/\/www.firstcisl.it\/emiliaromagna\/wp-json\/wp\/v2\/posts\/2020\/revisions"}],"predecessor-version":[{"id":3960,"href":"https:\/\/www.firstcisl.it\/emiliaromagna\/wp-json\/wp\/v2\/posts\/2020\/revisions\/3960"}],"wp:featuredmedia":[{"embeddable":true,"href":"https:\/\/www.firstcisl.it\/emiliaromagna\/wp-json\/wp\/v2\/media\/1583"}],"wp:attachment":[{"href":"https:\/\/www.firstcisl.it\/emiliaromagna\/wp-json\/wp\/v2\/media?parent=2020"}],"wp:term":[{"taxonomy":"category","embeddable":true,"href":"https:\/\/www.firstcisl.it\/emiliaromagna\/wp-json\/wp\/v2\/categories?post=2020"},{"taxonomy":"post_tag","embeddable":true,"href":"https:\/\/www.firstcisl.it\/emiliaromagna\/wp-json\/wp\/v2\/tags?post=2020"}],"curies":[{"name":"wp","href":"https:\/\/api.w.org\/{rel}","templated":true}]}}