{"id":1788,"date":"2018-05-11T10:42:59","date_gmt":"2018-05-11T08:42:59","guid":{"rendered":"http:\/\/www.firstcisl.it\/emiliaromagna\/?p=1788"},"modified":"2018-05-11T10:42:59","modified_gmt":"2018-05-11T08:42:59","slug":"politica-dei-quadri-ovvero-continuita-di-un-buon-sindacato","status":"publish","type":"post","link":"https:\/\/www.firstcisl.it\/emiliaromagna\/2018\/05\/11\/politica-dei-quadri-ovvero-continuita-di-un-buon-sindacato\/","title":{"rendered":"Politica dei quadri ovvero continuit\u00e0 di un buon sindacato"},"content":{"rendered":"<p style=\"text-align: justify\"><span style=\"font-size: 10pt\">La societ\u00e0 nel suo continuo e naturale evolversi nel tempo muta inevitabilmente la propria aspettativa sui bisogni e sulle necessit\u00e0.<\/span><\/p>\n<p style=\"text-align: justify\"><span style=\"font-size: 10pt\">In questa fase storica \u00e8 tendenza sin troppo usuale semplificare il modello relazionale tramite contenuti individuali: ognuno pu\u00f2 fare per s\u00e9?<\/span><\/p>\n<p style=\"text-align: justify\"><span style=\"font-size: 10pt\">Il nostro sindacato crede fermamente che sia compito di fondamentale importanza fornire anche oggi, come in passato, una risposta collettiva, strumento indispensabile al concreto, e solido oltre che solidale, miglioramento delle condizioni dei lavoratori, attraverso la loro consapevolezza di poter essere sempre tutelati.<\/span><\/p>\n<p style=\"text-align: justify\"><span style=\"font-size: 10pt\">E domani? La nostra operativit\u00e0 deve traguardare al futuro e ed \u00e8 in tale ambito che si inserisce il corso di formazione organizzato dalla FIRST Emilia Romagna ieri ed oggi per fornire ai giovani sindacalisti gli strumenti necessari affinch\u00e9 vi sia continuit\u00e0 ed integrazione all&#8217;interno delle strutture, coesione organizzativa e rafforzamento dei principi e dei valori fondanti della CISL.<\/span><\/p>\n<p style=\"text-align: justify\"><span style=\"font-size: 10pt\">\u201cImparare ad essere preparati a fare un buon sindacato\u201d ed \u201cinvestire utilmente del tempo per gli altri\u201d sono solo alcune delle riflessioni dei giovani dirigenti sindacali che sono emerse durante le attivit\u00e0 eseguite in aula.<\/span><\/p>\n<p style=\"text-align: justify\"><span style=\"font-size: 10pt\">Gratificante conferma della necessit\u00e0 di continuare anche domani ad essere sempre presenti ed in prima linea tra i lavoratori.<\/span><\/p>\n<p>&nbsp;<\/p>\n<p>&nbsp;<\/p>\n<div class=\"gsp_post_data\" \r\n\t            data-post_type=\"post\" \r\n\t            data-cat=\"in-primo-piano\" \r\n\t            data-modified=\"120\"\r\n\t            data-created=\"1526035379\"\r\n\t            data-title=\"Politica dei quadri ovvero continuit\u00e0 di un buon sindacato\" \r\n\t            data-home=\"https:\/\/www.firstcisl.it\/emiliaromagna\"><\/div>","protected":false},"excerpt":{"rendered":"<p>La societ\u00e0 nel suo continuo e naturale evolversi nel tempo muta inevitabilmente la propria aspettativa sui bisogni e sulle necessit\u00e0. In questa fase storica \u00e8 tendenza sin troppo usuale semplificare il modello relazionale tramite contenuti individuali: ognuno pu\u00f2 fare per s\u00e9? Il nostro sindacato crede fermamente che sia compito di fondamentale importanza fornire anche oggi, [&hellip;]<\/p>\n","protected":false},"author":55,"featured_media":1792,"comment_status":"closed","ping_status":"closed","sticky":false,"template":"","format":"standard","meta":{"footnotes":""},"categories":[4],"tags":[],"class_list":["post-1788","post","type-post","status-publish","format-standard","has-post-thumbnail","hentry","category-in-primo-piano"],"_links":{"self":[{"href":"https:\/\/www.firstcisl.it\/emiliaromagna\/wp-json\/wp\/v2\/posts\/1788","targetHints":{"allow":["GET"]}}],"collection":[{"href":"https:\/\/www.firstcisl.it\/emiliaromagna\/wp-json\/wp\/v2\/posts"}],"about":[{"href":"https:\/\/www.firstcisl.it\/emiliaromagna\/wp-json\/wp\/v2\/types\/post"}],"author":[{"embeddable":true,"href":"https:\/\/www.firstcisl.it\/emiliaromagna\/wp-json\/wp\/v2\/users\/55"}],"replies":[{"embeddable":true,"href":"https:\/\/www.firstcisl.it\/emiliaromagna\/wp-json\/wp\/v2\/comments?post=1788"}],"version-history":[{"count":1,"href":"https:\/\/www.firstcisl.it\/emiliaromagna\/wp-json\/wp\/v2\/posts\/1788\/revisions"}],"predecessor-version":[{"id":1789,"href":"https:\/\/www.firstcisl.it\/emiliaromagna\/wp-json\/wp\/v2\/posts\/1788\/revisions\/1789"}],"wp:featuredmedia":[{"embeddable":true,"href":"https:\/\/www.firstcisl.it\/emiliaromagna\/wp-json\/wp\/v2\/media\/1792"}],"wp:attachment":[{"href":"https:\/\/www.firstcisl.it\/emiliaromagna\/wp-json\/wp\/v2\/media?parent=1788"}],"wp:term":[{"taxonomy":"category","embeddable":true,"href":"https:\/\/www.firstcisl.it\/emiliaromagna\/wp-json\/wp\/v2\/categories?post=1788"},{"taxonomy":"post_tag","embeddable":true,"href":"https:\/\/www.firstcisl.it\/emiliaromagna\/wp-json\/wp\/v2\/tags?post=1788"}],"curies":[{"name":"wp","href":"https:\/\/api.w.org\/{rel}","templated":true}]}}