{"id":1242,"date":"2017-12-28T00:59:55","date_gmt":"2017-12-27T23:59:55","guid":{"rendered":"http:\/\/www.firstcisl.it\/emiliaromagna\/?p=1242"},"modified":"2017-12-28T09:06:02","modified_gmt":"2017-12-28T08:06:02","slug":"dopo-di-noi-e-ora","status":"publish","type":"post","link":"https:\/\/www.firstcisl.it\/emiliaromagna\/2017\/12\/28\/dopo-di-noi-e-ora\/","title":{"rendered":"DOPO DI NOI \u00e8 ora!"},"content":{"rendered":"<p style=\"text-align: justify\"><span style=\"font-size: 10pt\">La Regione Emilia Romagna ha prorogato al 31 marzo 2018 la scadenza di un Bando sul DOPO DI NOI per finanziare progetti che possano garantire un futuro di assistenza, indipendenza e autonomia ai disabili rimasti soli e privi di sostegno (vedi\u00a0<span style=\"text-decoration: underline\"><strong><a href=\"http:\/\/www.secondowelfare.it\/governi-locali\/regioni\/emilia-romagna-3-milioni-di-euro-per-progetti-a-sostegno-della-disabilita.html\" target=\"_blank\" rel=\"noopener\">link<\/a><\/strong><\/span>).<\/span><\/p>\n<p style=\"text-align: justify\"><span style=\"font-size: 10pt\">Il tema \u00e8 certo importante e necessita dell\u2019attenzione e dell\u2019operativit\u00e0 di tutti &#8211; nessuno escluso &#8211; gi\u00e0 e soprattutto nel presente, per poter garantire un futuro all\u2019intera societ\u00e0.<\/span><\/p>\n<p style=\"text-align: justify\"><span style=\"font-size: 10pt\">Ne \u00e8 convita la FIRST CISL, da sempre impegnata sul tema delle &#8220;disabilit\u00e0&#8221; con proposte concrete, finalizzate alle pari opportunit\u00e0 ed alla fattiva inclusione, in una visione globale dell\u2019impegno sindacale quale impegno sociale (come testimoniato dalla nascita di FIRST SOCIAL e dalle iniziative di FIRST Social Life) che possa altres\u00ec coniugarsi con il conseguimento di redditivit\u00e0, produttivit\u00e0 e qualit\u00e0 a beneficio di tutti: imprese, lavoratori, famiglie\u2026, vale a dire del Paese.<\/span><\/p>\n<p style=\"text-align: justify\"><span style=\"font-size: 10pt\">Una sfida che per il sindacato deve necessariamente riguardare anche nuovi modelli di organizzazione del lavoro, da discutere ai tavoli negoziali, per proseguire ed intensificare quanto finora fatto in alcuni settori\/realt\u00e0.<\/span><\/p>\n<p style=\"text-align: justify\"><span style=\"font-size: 10pt\">Impegno che coinvolge tutte le strutture della FIRST CISL in attivit\u00e0 di contrattazione, formazione ed informazione, a partire dalle specifiche pubblicazioni a supporto degli &#8220;addetti ai lavori&#8221;, ma non solo (per approfondimenti vedi &#8220;<span style=\"text-decoration: underline\"><strong><a href=\"https:\/\/www.firstcisl.it\/aree-tematiche\/donne-e-politiche-di-parita-e-di-genere\/sei-capace\/\" target=\"_blank\" rel=\"noopener\">Sei Capace<\/a><\/strong><\/span>&#8221; pubblicato sul sito\u00a0<a href=\"https:\/\/www.firstcisl.it\/\" target=\"_blank\" rel=\"noopener\">Firstcisl.it<\/a>).<\/span><\/p>\n<div class=\"gsp_post_data\" \r\n\t            data-post_type=\"post\" \r\n\t            data-cat=\"in-primo-piano\" \r\n\t            data-modified=\"120\"\r\n\t            data-created=\"1514422795\"\r\n\t            data-title=\"DOPO DI NOI \u00e8 ora!\" \r\n\t            data-home=\"https:\/\/www.firstcisl.it\/emiliaromagna\"><\/div>","protected":false},"excerpt":{"rendered":"<p>La Regione Emilia Romagna ha prorogato al 31 marzo 2018 la scadenza di un Bando sul DOPO DI NOI per finanziare progetti che possano garantire un futuro di assistenza, indipendenza e autonomia ai disabili rimasti soli e privi di sostegno (vedi\u00a0link). Il tema \u00e8 certo importante e necessita dell\u2019attenzione e dell\u2019operativit\u00e0 di tutti &#8211; nessuno [&hellip;]<\/p>\n","protected":false},"author":55,"featured_media":1246,"comment_status":"closed","ping_status":"closed","sticky":false,"template":"","format":"standard","meta":{"footnotes":""},"categories":[4],"tags":[],"class_list":["post-1242","post","type-post","status-publish","format-standard","has-post-thumbnail","hentry","category-in-primo-piano"],"_links":{"self":[{"href":"https:\/\/www.firstcisl.it\/emiliaromagna\/wp-json\/wp\/v2\/posts\/1242","targetHints":{"allow":["GET"]}}],"collection":[{"href":"https:\/\/www.firstcisl.it\/emiliaromagna\/wp-json\/wp\/v2\/posts"}],"about":[{"href":"https:\/\/www.firstcisl.it\/emiliaromagna\/wp-json\/wp\/v2\/types\/post"}],"author":[{"embeddable":true,"href":"https:\/\/www.firstcisl.it\/emiliaromagna\/wp-json\/wp\/v2\/users\/55"}],"replies":[{"embeddable":true,"href":"https:\/\/www.firstcisl.it\/emiliaromagna\/wp-json\/wp\/v2\/comments?post=1242"}],"version-history":[{"count":3,"href":"https:\/\/www.firstcisl.it\/emiliaromagna\/wp-json\/wp\/v2\/posts\/1242\/revisions"}],"predecessor-version":[{"id":1247,"href":"https:\/\/www.firstcisl.it\/emiliaromagna\/wp-json\/wp\/v2\/posts\/1242\/revisions\/1247"}],"wp:featuredmedia":[{"embeddable":true,"href":"https:\/\/www.firstcisl.it\/emiliaromagna\/wp-json\/wp\/v2\/media\/1246"}],"wp:attachment":[{"href":"https:\/\/www.firstcisl.it\/emiliaromagna\/wp-json\/wp\/v2\/media?parent=1242"}],"wp:term":[{"taxonomy":"category","embeddable":true,"href":"https:\/\/www.firstcisl.it\/emiliaromagna\/wp-json\/wp\/v2\/categories?post=1242"},{"taxonomy":"post_tag","embeddable":true,"href":"https:\/\/www.firstcisl.it\/emiliaromagna\/wp-json\/wp\/v2\/tags?post=1242"}],"curies":[{"name":"wp","href":"https:\/\/api.w.org\/{rel}","templated":true}]}}