{"id":4482,"date":"2023-04-03T18:02:35","date_gmt":"2023-04-03T16:02:35","guid":{"rendered":"https:\/\/www.firstcisl.it\/deutschebank\/?p=4482"},"modified":"2023-04-03T18:02:35","modified_gmt":"2023-04-03T16:02:35","slug":"luigi-sbarra-investimenti-e-personale-per-la-sanita-corriere-della-sera","status":"publish","type":"post","link":"https:\/\/www.firstcisl.it\/deutschebank\/2023\/04\/03\/luigi-sbarra-investimenti-e-personale-per-la-sanita-corriere-della-sera\/","title":{"rendered":"Luigi Sbarra: \u201cInvestimenti e personale per la sanit\u00e0\u201d \u2013 \u2018Corriere della Sera\u2019"},"content":{"rendered":"<p>La volont\u00e0 annunciata dal governo di tornare ad investire risorse sulla sanit\u00e0 pubblica \u00e8 una buona notizia. Ma per dar gambe ad un solido progetto di rilancio serve il reale coinvolgimento di tutti gli attori, comprese le parti sociali. Da qui la nostra richiesta all\u2019Esecutivo ed alle Regioni di avviare un confronto stabile verso un\u2019intesa che metta al centro il nodo delle risorse, investimenti, assunzioni e stabilizzazioni che garantiscano il diritto alla salute in tutto il Paese.<\/p>\n<p>Si tratta di un\u2019urgenza impellente per una sanit\u00e0 stritolata da tagli ingiustificabili che hanno prodotto una vera desertificazione: personale ridotto all\u2019osso, aumento di carichi di lavoro sui dipendenti, mancato ricambio generazionale, incremento del precariato, ospedali obsoleti e insicuri, servizi territoriali impoveriti, scarsa cultura della prevenzione, diseguaglianze geografiche e socio-economiche marcate.(\u00a0<a href=\"https:\/\/www.cisl.it\/wp-content\/uploads\/2023\/04\/Corriere-della-Sera.pdf\" target=\"_blank\" rel=\"noreferrer noopener\" data-type=\"URL\" data-id=\"https:\/\/www.cisl.it\/wp-content\/uploads\/2023\/04\/Corriere-della-Sera.pdf\">leggi l\u2019intervento integrale<\/a>\u2026)<\/p>\n<p>&nbsp;<\/p>\n<div class=\"attachmentList\">\n<h3>Allegati a questo articolo<\/h3>\n<ul>\n<li class=\"attachment-line application\/pdf \"><a href=\"https:\/\/www.cisl.it\/wp-content\/uploads\/2023\/04\/Corriere-della-Sera.pdf\" target=\"_blank\" rel=\"noopener\">Corriere della Sera<\/a>\u00a0<small class=\"attachment-size\">(231 KB)<\/small><\/li>\n<\/ul>\n<\/div>\n<div class=\"gsp_post_data\" \r\n\t            data-post_type=\"post\" \r\n\t            data-cat=\"in-primo-piano\" \r\n\t            data-modified=\"120\"\r\n\t            data-created=\"1680544955\"\r\n\t            data-title=\"Luigi Sbarra: \u201cInvestimenti e personale per la sanit\u00e0\u201d \u2013 \u2018Corriere della Sera\u2019\" \r\n\t            data-home=\"https:\/\/www.firstcisl.it\/deutschebank\"><\/div>","protected":false},"excerpt":{"rendered":"<p>La volont\u00e0 annunciata dal governo di tornare ad investire risorse sulla sanit\u00e0 pubblica \u00e8 una buona notizia. Ma per dar gambe ad un solido progetto di rilancio serve il reale coinvolgimento di tutti gli attori, comprese le parti sociali. Da qui la nostra richiesta all\u2019Esecutivo ed alle Regioni di avviare un confronto stabile verso un\u2019intesa [&hellip;]<\/p>\n","protected":false},"author":45,"featured_media":1936,"comment_status":"closed","ping_status":"closed","sticky":false,"template":"","format":"standard","meta":{"footnotes":""},"categories":[4],"tags":[],"class_list":["post-4482","post","type-post","status-publish","format-standard","has-post-thumbnail","hentry","category-in-primo-piano"],"_links":{"self":[{"href":"https:\/\/www.firstcisl.it\/deutschebank\/wp-json\/wp\/v2\/posts\/4482","targetHints":{"allow":["GET"]}}],"collection":[{"href":"https:\/\/www.firstcisl.it\/deutschebank\/wp-json\/wp\/v2\/posts"}],"about":[{"href":"https:\/\/www.firstcisl.it\/deutschebank\/wp-json\/wp\/v2\/types\/post"}],"author":[{"embeddable":true,"href":"https:\/\/www.firstcisl.it\/deutschebank\/wp-json\/wp\/v2\/users\/45"}],"replies":[{"embeddable":true,"href":"https:\/\/www.firstcisl.it\/deutschebank\/wp-json\/wp\/v2\/comments?post=4482"}],"version-history":[{"count":1,"href":"https:\/\/www.firstcisl.it\/deutschebank\/wp-json\/wp\/v2\/posts\/4482\/revisions"}],"predecessor-version":[{"id":4483,"href":"https:\/\/www.firstcisl.it\/deutschebank\/wp-json\/wp\/v2\/posts\/4482\/revisions\/4483"}],"wp:featuredmedia":[{"embeddable":true,"href":"https:\/\/www.firstcisl.it\/deutschebank\/wp-json\/wp\/v2\/media\/1936"}],"wp:attachment":[{"href":"https:\/\/www.firstcisl.it\/deutschebank\/wp-json\/wp\/v2\/media?parent=4482"}],"wp:term":[{"taxonomy":"category","embeddable":true,"href":"https:\/\/www.firstcisl.it\/deutschebank\/wp-json\/wp\/v2\/categories?post=4482"},{"taxonomy":"post_tag","embeddable":true,"href":"https:\/\/www.firstcisl.it\/deutschebank\/wp-json\/wp\/v2\/tags?post=4482"}],"curies":[{"name":"wp","href":"https:\/\/api.w.org\/{rel}","templated":true}]}}