{"id":4424,"date":"2023-02-06T08:23:59","date_gmt":"2023-02-06T07:23:59","guid":{"rendered":"https:\/\/www.firstcisl.it\/deutschebank\/?p=4424"},"modified":"2023-02-06T08:23:59","modified_gmt":"2023-02-06T07:23:59","slug":"giornata-internazionale-contro-le-mutilazioni-genitali-femminili-il-manifesto-cisl-e-anolf","status":"publish","type":"post","link":"https:\/\/www.firstcisl.it\/deutschebank\/2023\/02\/06\/giornata-internazionale-contro-le-mutilazioni-genitali-femminili-il-manifesto-cisl-e-anolf\/","title":{"rendered":"Giornata internazionale contro le mutilazioni genitali femminili, il manifesto Cisl e Anolf"},"content":{"rendered":"<div id=\"pageContainer1\" class=\"page\" data-page-number=\"1\" data-loaded=\"true\">\n<div class=\"textLayer\">Il 6 febbraio ricorre la Giornata internazionale contro le mutilazioni genitali femminili (MGF): una pratica disumana, violenta, che ancora colpisce e devasta, nel fisico e nella psiche, tantissime giovani donne.<\/div>\n<\/div>\n<div id=\"pageContainer2\" class=\"page\" data-page-number=\"2\" data-loaded=\"true\">\n<div data-canvas-width=\"651.8199999999995\">\n<p>Secondo le stime dell\u2019Oms \u2013 l\u2019Organizzazione mondiale della sanit\u00e0 \u2013 sono coinvolte oltre 200 milioni di ragazze, tra cui purtroppo moltissime bambine, prevalentemente dell\u2019Africa, del Medio Oriente, dell\u2019Asia, dell\u2019America Latina e tra le comunit\u00e0 provenienti da queste regioni.<\/p>\n<p>Si stima inoltre che, sebbene illegale nell\u2019Ue, circa 600mila donne che vivono in Europa siano state vittime di questa pratica e che altre 180mila sarebbero a rischio in 13 paesi comunitari, Italia compresa.\u00a0Un quadro drammatico,\u00a0connesso anche al fenomeno delle spose bambine, che ogni anno si alimenta di nuovi casi.<\/p>\n<p>Di fronte al concreto rischio che le diverse dinamiche di destabilizzazione, aumento di povert\u00e0 e disuguaglianza in atto in questi anni possano far peggiorare\u00a0questa piaga, la\u00a0<a href=\"https:\/\/www.cisl.it\/\" target=\"_blank\" rel=\"noopener\"><strong>Cisl<\/strong><\/a>\u00a0e l\u2019<a href=\"https:\/\/www.anolf.it\/\" target=\"_blank\" rel=\"noopener\"><strong>Anolf<\/strong><\/a>\u00a0riconfermano l\u2019impegno a promuovere\u00a0una cultura del rispetto e delle pari opportunit\u00e0 contro ogni forma di abuso e violenza.<\/p>\n<p>Con la campagna di sensibilizzazione \u201cMGF \u2013Mutilazioni Genitali Femminili\u201d Cisl e Anolf proseguiranno nel percorso a sostegno di azioni d\u2019informazione e sensibilizzazione rivolte alle donne immigrate, insieme al rafforzamento e al potenziamento della presenza in tutti gli ambiti territoriali e nei relativi presidi sanitari.<\/p>\n<p>\u00c8 una battaglia di civilt\u00e0 e di umanit\u00e0 che non vogliamo e non possiamo perdere. Abbiamo bisogno di affermare e concretizzare il valore della solidariet\u00e0 tra donne e uomini, come base di un\u2019azione collettiva per il bene comune.<\/p>\n<p>Il\u00a0<a href=\"https:\/\/www.firstcisl.it\/wp-content\/uploads\/2023\/02\/Cisl_manifesto_MGF2023.pdf\" target=\"_blank\" rel=\"noopener\"><strong>manifesto<\/strong><\/a>\u00a0Cisl e Anolf per il 6 febbraio 2023<\/p>\n<\/div>\n<div data-canvas-width=\"651.8199999999995\"><\/div>\n<\/div>\n<div data-canvas-width=\"651.8199999999995\"><a href=\"https:\/\/www.firstcisl.it\/wp-content\/uploads\/2023\/02\/Cisl_manifesto_MGF2023.pdf\" target=\"_blank\" rel=\"noopener\"><img loading=\"lazy\" decoding=\"async\" class=\"aligncenter wp-image-35873 size-large\" src=\"https:\/\/www.firstcisl.it\/wp-content\/uploads\/2023\/02\/Cisl_manifesto_MGF2023-723x1024.jpg\" alt=\"\" width=\"723\" height=\"1024\" \/><\/a><\/div>\n<div data-canvas-width=\"651.8199999999995\"><\/div>\n<div>\n<h3>Allegati<\/h3>\n<ul class=\"post-attachments\">\n<li class=\"post-attachment mime-application-pdf\"><a href=\"https:\/\/www.firstcisl.it\/wp-content\/uploads\/2023\/02\/Cisl_manifesto_MGF2023.pdf\">Cisl_manifesto_MGF2023<\/a>\u00a0<small>(3 MB)<\/small><\/li>\n<\/ul>\n<\/div>\n<div class=\"gsp_post_data\" \r\n\t            data-post_type=\"post\" \r\n\t            data-cat=\"in-primo-piano\" \r\n\t            data-modified=\"120\"\r\n\t            data-created=\"1675671839\"\r\n\t            data-title=\"Giornata internazionale contro le mutilazioni genitali femminili, il manifesto Cisl e Anolf\" \r\n\t            data-home=\"https:\/\/www.firstcisl.it\/deutschebank\"><\/div>","protected":false},"excerpt":{"rendered":"<p>Il 6 febbraio ricorre la Giornata internazionale contro le mutilazioni genitali femminili (MGF): una pratica disumana, violenta, che ancora colpisce e devasta, nel fisico e nella psiche, tantissime giovani donne. Secondo le stime dell\u2019Oms \u2013 l\u2019Organizzazione mondiale della sanit\u00e0 \u2013 sono coinvolte oltre 200 milioni di ragazze, tra cui purtroppo moltissime bambine, prevalentemente dell\u2019Africa, del [&hellip;]<\/p>\n","protected":false},"author":45,"featured_media":4426,"comment_status":"closed","ping_status":"closed","sticky":false,"template":"","format":"standard","meta":{"footnotes":""},"categories":[4],"tags":[],"class_list":["post-4424","post","type-post","status-publish","format-standard","has-post-thumbnail","hentry","category-in-primo-piano"],"_links":{"self":[{"href":"https:\/\/www.firstcisl.it\/deutschebank\/wp-json\/wp\/v2\/posts\/4424","targetHints":{"allow":["GET"]}}],"collection":[{"href":"https:\/\/www.firstcisl.it\/deutschebank\/wp-json\/wp\/v2\/posts"}],"about":[{"href":"https:\/\/www.firstcisl.it\/deutschebank\/wp-json\/wp\/v2\/types\/post"}],"author":[{"embeddable":true,"href":"https:\/\/www.firstcisl.it\/deutschebank\/wp-json\/wp\/v2\/users\/45"}],"replies":[{"embeddable":true,"href":"https:\/\/www.firstcisl.it\/deutschebank\/wp-json\/wp\/v2\/comments?post=4424"}],"version-history":[{"count":1,"href":"https:\/\/www.firstcisl.it\/deutschebank\/wp-json\/wp\/v2\/posts\/4424\/revisions"}],"predecessor-version":[{"id":4425,"href":"https:\/\/www.firstcisl.it\/deutschebank\/wp-json\/wp\/v2\/posts\/4424\/revisions\/4425"}],"wp:featuredmedia":[{"embeddable":true,"href":"https:\/\/www.firstcisl.it\/deutschebank\/wp-json\/wp\/v2\/media\/4426"}],"wp:attachment":[{"href":"https:\/\/www.firstcisl.it\/deutschebank\/wp-json\/wp\/v2\/media?parent=4424"}],"wp:term":[{"taxonomy":"category","embeddable":true,"href":"https:\/\/www.firstcisl.it\/deutschebank\/wp-json\/wp\/v2\/categories?post=4424"},{"taxonomy":"post_tag","embeddable":true,"href":"https:\/\/www.firstcisl.it\/deutschebank\/wp-json\/wp\/v2\/tags?post=4424"}],"curies":[{"name":"wp","href":"https:\/\/api.w.org\/{rel}","templated":true}]}}