{"id":3707,"date":"2022-03-06T18:24:44","date_gmt":"2022-03-06T17:24:44","guid":{"rendered":"https:\/\/www.firstcisl.it\/deutschebank\/?p=3707"},"modified":"2022-03-08T09:03:25","modified_gmt":"2022-03-08T08:03:25","slug":"8-marzo-con-le-donne-per-le-donne-oggi-e-domani-il-manifesto-first-cisl","status":"publish","type":"post","link":"https:\/\/www.firstcisl.it\/deutschebank\/2022\/03\/06\/8-marzo-con-le-donne-per-le-donne-oggi-e-domani-il-manifesto-first-cisl\/","title":{"rendered":"8 marzo, con le donne per le donne oggi e domani, il manifesto First Cisl"},"content":{"rendered":"<h3 class=\"entry-title\" style=\"text-align: center\"><a href=\"https:\/\/www.cisl.it\/notizie\/attualita-3\/giornata-internazionale-della-donna-webinar\/\" target=\"_blank\" rel=\"noopener noreferrer\">8 marzo Giornata Internazionale della donna: webinar Cgil Cisl Uil<\/a><\/h3>\n<p>&nbsp;<\/p>\n<p>Anche quest\u2019anno la Struttura nazionale\u00a0<a href=\"https:\/\/www.firstcisl.it\/aree-tematiche\/donne-e-politiche-di-parita-e-di-genere\/\" target=\"_blank\" rel=\"noopener noreferrer\">Donne e politiche di parit\u00e0 e di genere<\/a>\u00a0ha deciso di celebrare la\u00a0<a href=\"https:\/\/it.wikipedia.org\/wiki\/Giornata_internazionale_della_donna\" target=\"_blank\" rel=\"noopener noreferrer\">ricorrenza dell\u20198 marzo<\/a>\u00a0con un\u00a0<a href=\"https:\/\/www.firstcisl.it\/wp-content\/uploads\/2022\/03\/Manifesto_8_marzo_2022.pdf\" target=\"_blank\" rel=\"noopener noreferrer\">manifesto<\/a>\u00a0evocativo: una bambina che regge tra le mani il globo terrestre, sullo sfondo il planisfero della terra colorato di rosa.<\/p>\n<p>La frase scelta nella sua essenzialit\u00e0 \u00e8 perentoria nell\u2019enunciare i temi importanti di cui si discute ogni anno in questa occasione: \u201cLa parit\u00e0 di genere \u00e8 un diritto, la non discriminazione \u00e8 un dovere. Pari opportunit\u00e0 e parit\u00e0 salariale sono indispensabili e giuste. Il lavoro e lo sviluppo professionale rendono le donne libere e indipendenti. Un mondo equo, in cui la crescita \u00e8 pi\u00f9 sostenibile per le generazioni future, \u00e8 un mondo migliore\u201d.<\/p>\n<p>Il riferimento alle generazioni future \u00e8 proprio espressione del fermo convincimento che un mondo in cui le donne possano esprimere appieno il proprio potenziale \u00e8 un mondo pi\u00f9 ricco, pi\u00f9 giusto e pi\u00f9 vivibile per tutti.<\/p>\n<p>Nel tema della sostenibilit\u00e0 c\u2019\u00e8 anche questo, come enunciato nell\u2019obiettivo 5 dell\u2019Agenda Onu 2030, \u00e8 ormai un dato acclarato che uno sviluppo realmente sostenibile sia impossibile in presenza di disuguaglianze di genere. Mancano solo 8 anni, la meta si avvicina, l\u2019auspicio \u00e8 arrivare a realizzare tutti i punti; l\u2019impegno, fare la nostra parte ogni giorno.<\/p>\n<p>Buon 8 marzo!<\/p>\n<p>Il\u00a0<a href=\"https:\/\/www.firstcisl.it\/wp-content\/uploads\/2022\/03\/Manifesto_8_marzo_2022.pdf\" target=\"_blank\" rel=\"noopener noreferrer\"><strong>manifesto 8 marzo 2022<\/strong><\/a>:<\/p>\n<h4 class=\"entry-title\"><\/h4>\n<div class=\"gsp_post_data\" \r\n\t            data-post_type=\"post\" \r\n\t            data-cat=\"in-primo-piano\" \r\n\t            data-modified=\"120\"\r\n\t            data-created=\"1646591084\"\r\n\t            data-title=\"8 marzo, con le donne per le donne oggi e domani, il manifesto First Cisl\" \r\n\t            data-home=\"https:\/\/www.firstcisl.it\/deutschebank\"><\/div>","protected":false},"excerpt":{"rendered":"<p>8 marzo Giornata Internazionale della donna: webinar Cgil Cisl Uil &nbsp; Anche quest\u2019anno la Struttura nazionale\u00a0Donne e politiche di parit\u00e0 e di genere\u00a0ha deciso di celebrare la\u00a0ricorrenza dell\u20198 marzo\u00a0con un\u00a0manifesto\u00a0evocativo: una bambina che regge tra le mani il globo terrestre, sullo sfondo il planisfero della terra colorato di rosa. La frase scelta nella sua essenzialit\u00e0 [&hellip;]<\/p>\n","protected":false},"author":45,"featured_media":3709,"comment_status":"closed","ping_status":"closed","sticky":false,"template":"","format":"standard","meta":{"footnotes":""},"categories":[4],"tags":[],"class_list":["post-3707","post","type-post","status-publish","format-standard","has-post-thumbnail","hentry","category-in-primo-piano"],"_links":{"self":[{"href":"https:\/\/www.firstcisl.it\/deutschebank\/wp-json\/wp\/v2\/posts\/3707","targetHints":{"allow":["GET"]}}],"collection":[{"href":"https:\/\/www.firstcisl.it\/deutschebank\/wp-json\/wp\/v2\/posts"}],"about":[{"href":"https:\/\/www.firstcisl.it\/deutschebank\/wp-json\/wp\/v2\/types\/post"}],"author":[{"embeddable":true,"href":"https:\/\/www.firstcisl.it\/deutschebank\/wp-json\/wp\/v2\/users\/45"}],"replies":[{"embeddable":true,"href":"https:\/\/www.firstcisl.it\/deutschebank\/wp-json\/wp\/v2\/comments?post=3707"}],"version-history":[{"count":4,"href":"https:\/\/www.firstcisl.it\/deutschebank\/wp-json\/wp\/v2\/posts\/3707\/revisions"}],"predecessor-version":[{"id":3712,"href":"https:\/\/www.firstcisl.it\/deutschebank\/wp-json\/wp\/v2\/posts\/3707\/revisions\/3712"}],"wp:featuredmedia":[{"embeddable":true,"href":"https:\/\/www.firstcisl.it\/deutschebank\/wp-json\/wp\/v2\/media\/3709"}],"wp:attachment":[{"href":"https:\/\/www.firstcisl.it\/deutschebank\/wp-json\/wp\/v2\/media?parent=3707"}],"wp:term":[{"taxonomy":"category","embeddable":true,"href":"https:\/\/www.firstcisl.it\/deutschebank\/wp-json\/wp\/v2\/categories?post=3707"},{"taxonomy":"post_tag","embeddable":true,"href":"https:\/\/www.firstcisl.it\/deutschebank\/wp-json\/wp\/v2\/tags?post=3707"}],"curies":[{"name":"wp","href":"https:\/\/api.w.org\/{rel}","templated":true}]}}