{"id":3197,"date":"2021-03-18T13:21:55","date_gmt":"2021-03-18T12:21:55","guid":{"rendered":"https:\/\/www.firstcisl.it\/deutschebank\/?p=3197"},"modified":"2021-03-18T13:21:55","modified_gmt":"2021-03-18T12:21:55","slug":"impegnarsi-perche-si-avveri-la-cisl-il-sindacato","status":"publish","type":"post","link":"https:\/\/www.firstcisl.it\/deutschebank\/2021\/03\/18\/impegnarsi-perche-si-avveri-la-cisl-il-sindacato\/","title":{"rendered":"IMPEGNARSI perch\u00e8 si avveri &#8211; la CISL, il Sindacato"},"content":{"rendered":"<p>La Giuria del premio internazionale \u201cVenice Art Awards 2021\u201d ha selezionato tra i finalisti del festival il cortometraggio \u201cImpegnarsi perch\u00e9 si avveri &#8211; La CISL il Sindacato\u201d, che ha ottenuto 2 nominations: una nella categoria \u201cmiglior cortometraggio sperimentale\u201d e una in quella \u201cmiglior regista\u201d.<\/p>\n<p>La Giuria ha potuto scegliere i finalisti tra un migliaio di cortometraggi ricevuti da tutto il mondo: dei 30 finalisti, ben 26 sono produzioni internazionali.<\/p>\n<p>La soddisfazione di CISL Veneto, che ha prodotto il film, si esprime attraverso le parole del segretario generale Gianfranco Refosco: \u201cAbbiamo voluto parlare di rappresentanza del lavoro con uno strumento comunicativo nuovo, e riteniamo importante che la Giuria abbia voluto valorizzare la nostra scelta\u201d.<br \/>\n\u201cIl lavoro &#8211; continua Refosco &#8211; deve essere tutelato, promosso e valorizzato sempre di pi\u00f9 per dare dignit\u00e0 alle persone. La voce di chi esercita quotidianamente la rappresentanza, raccontata con maestria da Giovanni Panozzo, \u00e8 un grande appello all\u2019azione collettiva per costruire una societ\u00e0 migliore, a partire dai luoghi di lavoro\u201d.<\/p>\n<p>Emozionato il regista Giovanni Panozzo, che ha composto anche le musiche del cortometraggio, racconta: \u201cHo imparato ad ascoltare, a filmare e suonare le storie piccole, quelle di tutti i giorni ma che lentamente, negli anni, scrivono la storia di un Paese;\u00a0 quindi eccomi ad esplorare il tema dell\u2019uomo e la sua relazione con il lavoro, il tema della rappresentanza, dei diritti\u201d.<\/p>\n<p>\u201cIn questo cortometraggio, continua Panozzo, si racconta perch\u00e9 c\u2019\u00e8 ancora bisogno di sindacato nel mondo di oggi; le tentazioni di stare separati e di pensare con l\u2019io e non con il noi sono dietro l\u2019angolo; ci dice che \u00e8 il momento di impegnarci tutti per costruire un mondo migliore\u201d<\/p>\n<p>Venice Art Awards celebra il meglio delle belle arti internazionali e del cortometraggio indipendente, riunisce registi di tutto il mondo per una straordinaria presentazione dell&#8217;eccellenza cinematografica, con un&#8217;enfasi su nuovi talenti, scoperte ed innovazione.<\/p>\n<p>Essendo chiuso, causa disposizioni Covid, il Teatro Toniolo di Venezia presso il quale avviene normalmente il festival, il cortometraggio verr\u00e0 proiettato durante la rassegna attraverso la piattaforma cinematografica internazionale online \u201cEventive\u201d.<\/p>\n<p>Il cortometraggio racconta, attraverso testimonianze di operatori e delegati della CISL di tutto il Veneto, il valore dell\u2019impegno sociale, il significato dell\u2019impegno quotidiano a favore degli altri e pi\u00f9 in particolare, il valore aggiunto della scelta personale di impegnarsi a favore dei Lavoratori e della comunit\u00e0 contribuendo, attraverso il proprio impegno quotidiano nel Sindacato, a costruire un mondo migliore.<\/p>\n<p><a href=\"https:\/\/www.youtube.com\/watch?v=hovmGBQPQi8\" target=\"_blank\" rel=\"noopener noreferrer\">Il film \u00e8 disponibile sul canale YouTube di CISL Veneto<\/a><\/p>\n<p>&nbsp;<\/p>\n<div class=\"gsp_post_data\" \r\n\t            data-post_type=\"post\" \r\n\t            data-cat=\"filo-diretto\" \r\n\t            data-modified=\"120\"\r\n\t            data-created=\"1616073715\"\r\n\t            data-title=\"IMPEGNARSI perch\u00e8 si avveri &#8211; la CISL, il Sindacato\" \r\n\t            data-home=\"https:\/\/www.firstcisl.it\/deutschebank\"><\/div>","protected":false},"excerpt":{"rendered":"<p>La Giuria del premio internazionale \u201cVenice Art Awards 2021\u201d ha selezionato tra i finalisti del festival il cortometraggio \u201cImpegnarsi perch\u00e9 si avveri &#8211; La CISL il Sindacato\u201d, che ha ottenuto 2 nominations: una nella categoria \u201cmiglior cortometraggio sperimentale\u201d e una in quella \u201cmiglior regista\u201d. La Giuria ha potuto scegliere i finalisti tra un migliaio di [&hellip;]<\/p>\n","protected":false},"author":45,"featured_media":3200,"comment_status":"closed","ping_status":"closed","sticky":false,"template":"","format":"standard","meta":{"footnotes":""},"categories":[15],"tags":[],"class_list":["post-3197","post","type-post","status-publish","format-standard","has-post-thumbnail","hentry","category-filo-diretto"],"_links":{"self":[{"href":"https:\/\/www.firstcisl.it\/deutschebank\/wp-json\/wp\/v2\/posts\/3197","targetHints":{"allow":["GET"]}}],"collection":[{"href":"https:\/\/www.firstcisl.it\/deutschebank\/wp-json\/wp\/v2\/posts"}],"about":[{"href":"https:\/\/www.firstcisl.it\/deutschebank\/wp-json\/wp\/v2\/types\/post"}],"author":[{"embeddable":true,"href":"https:\/\/www.firstcisl.it\/deutschebank\/wp-json\/wp\/v2\/users\/45"}],"replies":[{"embeddable":true,"href":"https:\/\/www.firstcisl.it\/deutschebank\/wp-json\/wp\/v2\/comments?post=3197"}],"version-history":[{"count":1,"href":"https:\/\/www.firstcisl.it\/deutschebank\/wp-json\/wp\/v2\/posts\/3197\/revisions"}],"predecessor-version":[{"id":3198,"href":"https:\/\/www.firstcisl.it\/deutschebank\/wp-json\/wp\/v2\/posts\/3197\/revisions\/3198"}],"wp:featuredmedia":[{"embeddable":true,"href":"https:\/\/www.firstcisl.it\/deutschebank\/wp-json\/wp\/v2\/media\/3200"}],"wp:attachment":[{"href":"https:\/\/www.firstcisl.it\/deutschebank\/wp-json\/wp\/v2\/media?parent=3197"}],"wp:term":[{"taxonomy":"category","embeddable":true,"href":"https:\/\/www.firstcisl.it\/deutschebank\/wp-json\/wp\/v2\/categories?post=3197"},{"taxonomy":"post_tag","embeddable":true,"href":"https:\/\/www.firstcisl.it\/deutschebank\/wp-json\/wp\/v2\/tags?post=3197"}],"curies":[{"name":"wp","href":"https:\/\/api.w.org\/{rel}","templated":true}]}}