{"id":3035,"date":"2020-12-22T17:36:37","date_gmt":"2020-12-22T16:36:37","guid":{"rendered":"https:\/\/www.firstcisl.it\/deutschebank\/?p=3035"},"modified":"2020-12-22T17:36:37","modified_gmt":"2020-12-22T16:36:37","slug":"buone-feste-2","status":"publish","type":"post","link":"https:\/\/www.firstcisl.it\/deutschebank\/2020\/12\/22\/buone-feste-2\/","title":{"rendered":"Buone Feste"},"content":{"rendered":"<p>Ciao,<\/p>\n<p>il Natale quest\u2019anno ci trova nel pieno di un\u2019emergenza sanitaria e sociale senza precedenti che vede aggiungersi elementi di forte preoccupazione ai problemi che storicamente investono il Paese.<\/p>\n<p>Il nostro Settore ovviamente \u00e8 anch\u2019esso impattato in questo momento e pi\u00f9 che mai la compattezza e la solidariet\u00e0 tra lavoratori rappresenta l\u2019unica via di uscita dalla crisi economica e, in un certo senso, anche di valori che stiamo affrontando.<\/p>\n<p>Gli sforzi e i sacrifici che ciascuno di noi continua a profondere quotidianamente nel proprio lavoro rappresentano la vera spina dorsale su cui si \u00e8 retto e si regge il Paese e, nel contesto attuale sono i lavoratori coloro che con applicazione e senso del dovere continuano a tenere a galla un sistema che, anche a causa di pesanti responsabilit\u00e0 del top-management, \u00e8 messo a dura prova il pi\u00f9 delle volte da strategie e piani industriali assai discutibili.<\/p>\n<p>Nella nostra Azienda, come sai, stiamo trattando le ricadute dell\u2019ultima Riorganizzazione e nei prossimi giorni saremo tutti impegnati a trovare un Accordo complessivo che coniughi soluzioni per la gestione degli impatti occupazionali e di mobilit\u00e0 con le condizioni di accompagnamento per le uscite volontarie. Nello stesso contesto contiamo di arrivare ad un rinnovo del nostro Contratto Integrativo aziendale con attenzione particolare ad alcuni isituti normativi ed economici.<\/p>\n<p>In attesa di darTi aggiornamenti sugli sviluppi e gli esiti della trattiva in corso, \u00a0a nome di tutta la FIRST CISL di Deutsche Bank Ti facciamo tantissimi auguri di<\/p>\n<h2 style=\"text-align: center\"><em><strong>Buon Natale e di uno Splendido 2021.<\/strong><\/em><\/h2>\n<p style=\"text-align: center\">I SEGRETARI RESPONSABILI<br \/>\nMassimiliano Marino e Maurizio Gemelli<\/p>\n<div class=\"gsp_post_data\" \r\n\t            data-post_type=\"post\" \r\n\t            data-cat=\"in-primo-piano\" \r\n\t            data-modified=\"120\"\r\n\t            data-created=\"1608658597\"\r\n\t            data-title=\"Buone Feste\" \r\n\t            data-home=\"https:\/\/www.firstcisl.it\/deutschebank\"><\/div>","protected":false},"excerpt":{"rendered":"<p>Ciao, il Natale quest\u2019anno ci trova nel pieno di un\u2019emergenza sanitaria e sociale senza precedenti che vede aggiungersi elementi di forte preoccupazione ai problemi che storicamente investono il Paese. Il nostro Settore ovviamente \u00e8 anch\u2019esso impattato in questo momento e pi\u00f9 che mai la compattezza e la solidariet\u00e0 tra lavoratori rappresenta l\u2019unica via di uscita [&hellip;]<\/p>\n","protected":false},"author":45,"featured_media":3040,"comment_status":"closed","ping_status":"closed","sticky":false,"template":"","format":"standard","meta":{"footnotes":""},"categories":[4],"tags":[],"class_list":["post-3035","post","type-post","status-publish","format-standard","has-post-thumbnail","hentry","category-in-primo-piano"],"_links":{"self":[{"href":"https:\/\/www.firstcisl.it\/deutschebank\/wp-json\/wp\/v2\/posts\/3035","targetHints":{"allow":["GET"]}}],"collection":[{"href":"https:\/\/www.firstcisl.it\/deutschebank\/wp-json\/wp\/v2\/posts"}],"about":[{"href":"https:\/\/www.firstcisl.it\/deutschebank\/wp-json\/wp\/v2\/types\/post"}],"author":[{"embeddable":true,"href":"https:\/\/www.firstcisl.it\/deutschebank\/wp-json\/wp\/v2\/users\/45"}],"replies":[{"embeddable":true,"href":"https:\/\/www.firstcisl.it\/deutschebank\/wp-json\/wp\/v2\/comments?post=3035"}],"version-history":[{"count":2,"href":"https:\/\/www.firstcisl.it\/deutschebank\/wp-json\/wp\/v2\/posts\/3035\/revisions"}],"predecessor-version":[{"id":3038,"href":"https:\/\/www.firstcisl.it\/deutschebank\/wp-json\/wp\/v2\/posts\/3035\/revisions\/3038"}],"wp:featuredmedia":[{"embeddable":true,"href":"https:\/\/www.firstcisl.it\/deutschebank\/wp-json\/wp\/v2\/media\/3040"}],"wp:attachment":[{"href":"https:\/\/www.firstcisl.it\/deutschebank\/wp-json\/wp\/v2\/media?parent=3035"}],"wp:term":[{"taxonomy":"category","embeddable":true,"href":"https:\/\/www.firstcisl.it\/deutschebank\/wp-json\/wp\/v2\/categories?post=3035"},{"taxonomy":"post_tag","embeddable":true,"href":"https:\/\/www.firstcisl.it\/deutschebank\/wp-json\/wp\/v2\/tags?post=3035"}],"curies":[{"name":"wp","href":"https:\/\/api.w.org\/{rel}","templated":true}]}}