{"id":2846,"date":"2020-07-14T10:25:37","date_gmt":"2020-07-14T08:25:37","guid":{"rendered":"https:\/\/www.firstcisl.it\/deutschebank\/?p=2846"},"modified":"2020-07-24T17:21:12","modified_gmt":"2020-07-24T15:21:12","slug":"2846","status":"publish","type":"post","link":"https:\/\/www.firstcisl.it\/deutschebank\/2020\/07\/14\/2846\/","title":{"rendered":"Riconoscimento economico 2019"},"content":{"rendered":"<p>Come certamente saprai, il bilancio 2019 di DB Spa si \u00e8 chiuso con un risultato economico negativo e ci\u00f2 ha comportato, ai sensi del CCNL, \u00a0l&#8217;impossibilit\u00e0 di erogazione del Premio Aziendale per l&#8217;anno di riferimento.<\/p>\n<p>La situazione venutasi a determinare \u00e8 paragonabile a quella dello scorso anno ed anche in questo caso abbiamo subito preannunciato all&#8217;Azienda la nostra volont\u00e0 di chiedere, comunque, un riconoscimento economico a favore del Personale in virt\u00f9 del miglioramento di alcune voci di bilancio e dello sforzo non ordinario oggettivamente profuso anche nel 2019.<\/p>\n<p>L&#8217;Azienda si \u00e8 detta disponibile al confronto riservandosi tuttavia di affrontare la discussione in un momento successivo.<\/p>\n<p>Poich\u00e9 sono trascorse ormai alcune settimane, nella giornata del 10 luglio abbiamo unitariamente e formalmente richiesto all&#8217;Azienda un primo incontro per iniziare ad approfondire il tema iniziando ad entrare nel merito della questione.<\/p>\n<p>Riteniamo assolutamente imprescindibile che i Colleghi beneficino di un effettivo riconoscimento per la loro attivit\u00e0 che da tempo \u00e8 connotata da un grande spirito di dedizione e seriet\u00e0 che va oltre il normale adempimento dei doveri di ufficio.<\/p>\n<p>Ti terremo aggiornati sui prossimi sviluppi.<\/p>\n<p>Le Segreterie di Coordinamento in Deutsche Bank<br \/>\nFABI &#8211; FIRST\/CISL \u2013 FISAC\/CGIL \u2013 UILCA &#8211; UNISIN<\/p>\n<div class=\"gsp_post_data\" \r\n\t            data-post_type=\"post\" \r\n\t            data-cat=\"retribuzione-busta-paga-tfr\" \r\n\t            data-modified=\"120\"\r\n\t            data-created=\"1594722337\"\r\n\t            data-title=\"Riconoscimento economico 2019\" \r\n\t            data-home=\"https:\/\/www.firstcisl.it\/deutschebank\"><\/div>","protected":false},"excerpt":{"rendered":"<p>Come certamente saprai, il bilancio 2019 di DB Spa si \u00e8 chiuso con un risultato economico negativo e ci\u00f2 ha comportato, ai sensi del CCNL, \u00a0l&#8217;impossibilit\u00e0 di erogazione del Premio Aziendale per l&#8217;anno di riferimento. La situazione venutasi a determinare \u00e8 paragonabile a quella dello scorso anno ed anche in questo caso abbiamo subito preannunciato [&hellip;]<\/p>\n","protected":false},"author":45,"featured_media":1872,"comment_status":"closed","ping_status":"closed","sticky":false,"template":"","format":"standard","meta":{"footnotes":""},"categories":[19],"tags":[],"class_list":["post-2846","post","type-post","status-publish","format-standard","has-post-thumbnail","hentry","category-retribuzione-busta-paga-tfr"],"_links":{"self":[{"href":"https:\/\/www.firstcisl.it\/deutschebank\/wp-json\/wp\/v2\/posts\/2846","targetHints":{"allow":["GET"]}}],"collection":[{"href":"https:\/\/www.firstcisl.it\/deutschebank\/wp-json\/wp\/v2\/posts"}],"about":[{"href":"https:\/\/www.firstcisl.it\/deutschebank\/wp-json\/wp\/v2\/types\/post"}],"author":[{"embeddable":true,"href":"https:\/\/www.firstcisl.it\/deutschebank\/wp-json\/wp\/v2\/users\/45"}],"replies":[{"embeddable":true,"href":"https:\/\/www.firstcisl.it\/deutschebank\/wp-json\/wp\/v2\/comments?post=2846"}],"version-history":[{"count":2,"href":"https:\/\/www.firstcisl.it\/deutschebank\/wp-json\/wp\/v2\/posts\/2846\/revisions"}],"predecessor-version":[{"id":2852,"href":"https:\/\/www.firstcisl.it\/deutschebank\/wp-json\/wp\/v2\/posts\/2846\/revisions\/2852"}],"wp:featuredmedia":[{"embeddable":true,"href":"https:\/\/www.firstcisl.it\/deutschebank\/wp-json\/wp\/v2\/media\/1872"}],"wp:attachment":[{"href":"https:\/\/www.firstcisl.it\/deutschebank\/wp-json\/wp\/v2\/media?parent=2846"}],"wp:term":[{"taxonomy":"category","embeddable":true,"href":"https:\/\/www.firstcisl.it\/deutschebank\/wp-json\/wp\/v2\/categories?post=2846"},{"taxonomy":"post_tag","embeddable":true,"href":"https:\/\/www.firstcisl.it\/deutschebank\/wp-json\/wp\/v2\/tags?post=2846"}],"curies":[{"name":"wp","href":"https:\/\/api.w.org\/{rel}","templated":true}]}}