{"id":2721,"date":"2020-04-15T11:29:24","date_gmt":"2020-04-15T09:29:24","guid":{"rendered":"https:\/\/www.firstcisl.it\/deutschebank\/?p=2721"},"modified":"2020-04-15T11:41:27","modified_gmt":"2020-04-15T09:41:27","slug":"operativita-emergenza-covid-19-provvedimenti-disciplinari","status":"publish","type":"post","link":"https:\/\/www.firstcisl.it\/deutschebank\/2020\/04\/15\/operativita-emergenza-covid-19-provvedimenti-disciplinari\/","title":{"rendered":"Operativit\u00e0 emergenza COVID 19 &#8211; Provvedimenti disciplinari"},"content":{"rendered":"<p>Alleghiamo la lettera che abbiamo inoltrato ieri all&#8217;Azienda in merito agli impatti e ai potenziali rischi legati all&#8217;operativit\u00e0 quotidiana in questa fase emergenziale.<\/p>\n<p>In particolare, l&#8217;attenzione viene concentrata sullo straordinario contesto in cui i Colleghi sono costretti a lavorare quotidianamente in un panorama di generale difficolt\u00e0 e di mutamenti rapidi dell&#8217;organizzazione del lavoro.<\/p>\n<p>La sollecitazione che abbiamo inteso effettuare sulla Banca\u00a0 \u00e8, per questo, mirata a sensibilizzare la stessa sul quadro complessivo di rischi collegati a tutto quanto sopra, affinch\u00e9 dall&#8217;Azienda sia adottato il massimo senso di responsabilit\u00e0 nella valutazione dell&#8217;operativit\u00e0 dei Colleghi, mai come oggi sottoposti a forti condizionamenti emotivi.<\/p>\n<p><strong>N.B.\u00a0 \u00a0&#8211;\u00a0 \u00a0COPERTURE SANITARIE \u00a0\u00a0&#8211;<\/strong><\/p>\n<p>Come avrai potuto leggere dalla comunicazione aziendale di ieri \u00e8 stato deciso di ampliare, gratuitamente e con efficacia retroattiva, la copertura di Rimborso Spese Mediche a favore di tutto il personale appartenete alle Aree Professionali e alla categoria dei Quadri direttivi integrandola \u00a0con specifiche garanzie per le conseguenze derivanti da positivit\u00e0 al SARS-Cov-2 (COVID 19).<\/p>\n<p>Le coperture vigenti in materia di assistenza sanitaria, in particolare, sono state integrate con due garanzie che si attivano in caso di accertata positivit\u00e0 al SARS-Cov-2:<\/p>\n<ol>\n<li>Diaria per terapia intensiva: \u00e8 previsto il raddoppio della diaria da ricovero fino ad un massimo di 21 gg<\/li>\n<li>Indennit\u00e0 forfettaria di 1.000 \u20ac, liquidabile gi\u00e0 dalla data di certificazione da parte delle autorit\u00e0 sanitarie delle positivit\u00e0 al SARS-Cov-2 (e non al termine del periodo di positivit\u00e0 e\/o di ricovero).<\/li>\n<\/ol>\n<p>Gli ulteriori elementi che caratterizzano la copertura aggiuntiva prevista da Poste Assicura sono:<\/p>\n<ol>\n<li>a)\u00a0\u00a0\u00a0\u00a0\u00a0\u00a0\u00a0\u00a0\u00a0 Nessuna franchigia<\/li>\n<li>b)\u00a0\u00a0\u00a0\u00a0\u00a0\u00a0\u00a0\u00a0 Validit\u00e0 fino al 30 giugno 2020<\/li>\n<li>c)\u00a0\u00a0\u00a0\u00a0\u00a0\u00a0\u00a0\u00a0 Nessun limite sulla possibilit\u00e0 di cumulo delle garanzie<\/li>\n<li>d)\u00a0\u00a0\u00a0\u00a0\u00a0\u00a0\u00a0 Nessuna modifica al processo di apertura sinistro<\/li>\n<\/ol>\n<p>Un caro saluto.<\/p>\n<p><strong>Le Segreterie di Azienda e di Gruppo<br \/>\n<\/strong><strong>\u00a0\u00a0\u00a0\u00a0\u00a0\u00a0\u00a0\u00a0\u00a0\u00a0\u00a0\u00a0 \u00a0IN DEUTSCHE BANK<\/strong><\/p>\n<p><a href=\"https:\/\/intranet.firstcisl.it\/mediadms\/pdf\/web\/file_viewer.php?idfile=3304\" target=\"_blank\" rel=\"noopener noreferrer\">Lettera unitaria a DB<\/a><\/p>\n<div class=\"gsp_post_data\" \r\n\t            data-post_type=\"post\" \r\n\t            data-cat=\"organizzazione-del-lavoro-orario\" \r\n\t            data-modified=\"120\"\r\n\t            data-created=\"1586950164\"\r\n\t            data-title=\"Operativit\u00e0 emergenza COVID 19 &#8211; Provvedimenti disciplinari\" \r\n\t            data-home=\"https:\/\/www.firstcisl.it\/deutschebank\"><\/div>","protected":false},"excerpt":{"rendered":"<p>Alleghiamo la lettera che abbiamo inoltrato ieri all&#8217;Azienda in merito agli impatti e ai potenziali rischi legati all&#8217;operativit\u00e0 quotidiana in questa fase emergenziale. In particolare, l&#8217;attenzione viene concentrata sullo straordinario contesto in cui i Colleghi sono costretti a lavorare quotidianamente in un panorama di generale difficolt\u00e0 e di mutamenti rapidi dell&#8217;organizzazione del lavoro. La sollecitazione [&hellip;]<\/p>\n","protected":false},"author":45,"featured_media":2725,"comment_status":"closed","ping_status":"closed","sticky":false,"template":"","format":"standard","meta":{"footnotes":""},"categories":[22],"tags":[],"class_list":["post-2721","post","type-post","status-publish","format-standard","has-post-thumbnail","hentry","category-organizzazione-del-lavoro-orario"],"_links":{"self":[{"href":"https:\/\/www.firstcisl.it\/deutschebank\/wp-json\/wp\/v2\/posts\/2721","targetHints":{"allow":["GET"]}}],"collection":[{"href":"https:\/\/www.firstcisl.it\/deutschebank\/wp-json\/wp\/v2\/posts"}],"about":[{"href":"https:\/\/www.firstcisl.it\/deutschebank\/wp-json\/wp\/v2\/types\/post"}],"author":[{"embeddable":true,"href":"https:\/\/www.firstcisl.it\/deutschebank\/wp-json\/wp\/v2\/users\/45"}],"replies":[{"embeddable":true,"href":"https:\/\/www.firstcisl.it\/deutschebank\/wp-json\/wp\/v2\/comments?post=2721"}],"version-history":[{"count":1,"href":"https:\/\/www.firstcisl.it\/deutschebank\/wp-json\/wp\/v2\/posts\/2721\/revisions"}],"predecessor-version":[{"id":2722,"href":"https:\/\/www.firstcisl.it\/deutschebank\/wp-json\/wp\/v2\/posts\/2721\/revisions\/2722"}],"wp:featuredmedia":[{"embeddable":true,"href":"https:\/\/www.firstcisl.it\/deutschebank\/wp-json\/wp\/v2\/media\/2725"}],"wp:attachment":[{"href":"https:\/\/www.firstcisl.it\/deutschebank\/wp-json\/wp\/v2\/media?parent=2721"}],"wp:term":[{"taxonomy":"category","embeddable":true,"href":"https:\/\/www.firstcisl.it\/deutschebank\/wp-json\/wp\/v2\/categories?post=2721"},{"taxonomy":"post_tag","embeddable":true,"href":"https:\/\/www.firstcisl.it\/deutschebank\/wp-json\/wp\/v2\/tags?post=2721"}],"curies":[{"name":"wp","href":"https:\/\/api.w.org\/{rel}","templated":true}]}}