{"id":2440,"date":"2020-01-09T18:09:36","date_gmt":"2020-01-09T17:09:36","guid":{"rendered":"https:\/\/www.firstcisl.it\/deutschebank\/?p=2440"},"modified":"2020-01-09T18:14:43","modified_gmt":"2020-01-09T17:14:43","slug":"2440","status":"publish","type":"post","link":"https:\/\/www.firstcisl.it\/deutschebank\/2020\/01\/09\/2440\/","title":{"rendered":"Riorganizzazione ed esuberi in Deutsche Bank: la posizione della FIRST CISL"},"content":{"rendered":"<p>A seguito dell&#8217;incontro tenutosi il 30 dicembre scorso sulla prossima riorganizzazione in Deutsche Bank, evidenziamo le dichiarazioni rilasciate alla stampa dalla Segretaria Nazionale First Sara Barberotti e dal nostro Segretario Responsabile di Gruppo in DB Maurizio Gemelli.<\/p>\n<p>In attesa dell&#8217;avvio del negoziato previsto per la prossima primavera, la nostra Organizzazione sindacale, in qualit\u00e0 di Sigla pi\u00f9 rappresentativa in DB, con queste dichiarazioni ha voluto indicare da subito le priorit\u00e0 che dovranno &#8220;guidare&#8221; il confronto con l&#8217;Azienda.<\/p>\n<p>Ti inviamo il link del Sito Nazionale della FIRST:<\/p>\n<p><a href=\"https:\/\/www.firstcisl.it\/2020\/01\/deutsche-bank-first-cisl-no-ai-tagli-su-riorganizzazione-serve-cambio-rotta\/\" target=\"_blank\" rel=\"noopener noreferrer\">Deutsche Bank, First Cisl, no ai tagli, su riorganizzazione serve cambio rotta <\/a><\/p>\n<p>CollegandoTi potrai leggere l\u2019intero comunicato.<\/p>\n<p><strong>Le Segreterie di Azienda e di Gruppo<br \/>\n<\/strong><strong>\u00a0 \u00a0 \u00a0 \u00a0 \u00a0 \u00a0 \u00a0IN DEUTSCHE BANK<\/strong><\/p>\n<div class=\"gsp_post_data\" \r\n\t            data-post_type=\"post\" \r\n\t            data-cat=\"riorganizzazioni\" \r\n\t            data-modified=\"120\"\r\n\t            data-created=\"1578593376\"\r\n\t            data-title=\"Riorganizzazione ed esuberi in Deutsche Bank: la posizione della FIRST CISL\" \r\n\t            data-home=\"https:\/\/www.firstcisl.it\/deutschebank\"><\/div>","protected":false},"excerpt":{"rendered":"<p>A seguito dell&#8217;incontro tenutosi il 30 dicembre scorso sulla prossima riorganizzazione in Deutsche Bank, evidenziamo le dichiarazioni rilasciate alla stampa dalla Segretaria Nazionale First Sara Barberotti e dal nostro Segretario Responsabile di Gruppo in DB Maurizio Gemelli. In attesa dell&#8217;avvio del negoziato previsto per la prossima primavera, la nostra Organizzazione sindacale, in qualit\u00e0 di Sigla [&hellip;]<\/p>\n","protected":false},"author":45,"featured_media":1453,"comment_status":"closed","ping_status":"closed","sticky":false,"template":"","format":"standard","meta":{"footnotes":""},"categories":[17],"tags":[],"class_list":["post-2440","post","type-post","status-publish","format-standard","has-post-thumbnail","hentry","category-riorganizzazioni"],"_links":{"self":[{"href":"https:\/\/www.firstcisl.it\/deutschebank\/wp-json\/wp\/v2\/posts\/2440","targetHints":{"allow":["GET"]}}],"collection":[{"href":"https:\/\/www.firstcisl.it\/deutschebank\/wp-json\/wp\/v2\/posts"}],"about":[{"href":"https:\/\/www.firstcisl.it\/deutschebank\/wp-json\/wp\/v2\/types\/post"}],"author":[{"embeddable":true,"href":"https:\/\/www.firstcisl.it\/deutschebank\/wp-json\/wp\/v2\/users\/45"}],"replies":[{"embeddable":true,"href":"https:\/\/www.firstcisl.it\/deutschebank\/wp-json\/wp\/v2\/comments?post=2440"}],"version-history":[{"count":6,"href":"https:\/\/www.firstcisl.it\/deutschebank\/wp-json\/wp\/v2\/posts\/2440\/revisions"}],"predecessor-version":[{"id":2446,"href":"https:\/\/www.firstcisl.it\/deutschebank\/wp-json\/wp\/v2\/posts\/2440\/revisions\/2446"}],"wp:featuredmedia":[{"embeddable":true,"href":"https:\/\/www.firstcisl.it\/deutschebank\/wp-json\/wp\/v2\/media\/1453"}],"wp:attachment":[{"href":"https:\/\/www.firstcisl.it\/deutschebank\/wp-json\/wp\/v2\/media?parent=2440"}],"wp:term":[{"taxonomy":"category","embeddable":true,"href":"https:\/\/www.firstcisl.it\/deutschebank\/wp-json\/wp\/v2\/categories?post=2440"},{"taxonomy":"post_tag","embeddable":true,"href":"https:\/\/www.firstcisl.it\/deutschebank\/wp-json\/wp\/v2\/tags?post=2440"}],"curies":[{"name":"wp","href":"https:\/\/api.w.org\/{rel}","templated":true}]}}