{"id":2009,"date":"2018-12-28T12:53:05","date_gmt":"2018-12-28T11:53:05","guid":{"rendered":"https:\/\/www.firstcisl.it\/deutschebank\/?p=2009"},"modified":"2020-03-23T15:43:55","modified_gmt":"2020-03-23T14:43:55","slug":"festivita-semifestivita-rol-e-ferie-2019","status":"publish","type":"post","link":"https:\/\/www.firstcisl.it\/deutschebank\/2018\/12\/28\/festivita-semifestivita-rol-e-ferie-2019\/","title":{"rendered":"Festivit\u00e0, Semifestivit\u00e0, ROL e Ferie 2019"},"content":{"rendered":"<p>Sicuri di fare cosa gradita, alleghiamo il consueto Zoom di inizio anno, riferito a termini e modalit\u00e0 di fruizione di festivit\u00e0, semi-festivit\u00e0, ROL e ferie per l\u2019anno 2019.<\/p>\n<p>Ovviamente, essendo prossima la scadenza del C.C.N.L. e non essendo stata esercitata n\u00e9 la disdetta n\u00e9 la proroga dello stesso, quanto indicato potrebbe essere soggetto a variazioni delle quali ti daremo pronta comunicazione.<\/p>\n<p>Domenico Iodice<br \/>\nSegretario Responsabile<br \/>\nFIRST CISL in Deutsche Bank Spa<\/p>\n<p><a href=\"https:\/\/intranet.firstcisl.it\/mediadms\/pdf\/web\/file_viewer.php?idfile=1128\" target=\"_blank\" rel=\"noopener noreferrer\">Il Riccio Zoom n. 1452 &#8211; Festivit\u00e0 e ROL 2019<\/a><\/p>\n<div class=\"gsp_post_data\" \r\n\t            data-post_type=\"post\" \r\n\t            data-cat=\"organizzazione-del-lavoro-orario\" \r\n\t            data-modified=\"120\"\r\n\t            data-created=\"1546001585\"\r\n\t            data-title=\"Festivit\u00e0, Semifestivit\u00e0, ROL e Ferie 2019\" \r\n\t            data-home=\"https:\/\/www.firstcisl.it\/deutschebank\"><\/div>","protected":false},"excerpt":{"rendered":"<p>Sicuri di fare cosa gradita, alleghiamo il consueto Zoom di inizio anno, riferito a termini e modalit\u00e0 di fruizione di festivit\u00e0, semi-festivit\u00e0, ROL e ferie per l\u2019anno 2019. Ovviamente, essendo prossima la scadenza del C.C.N.L. e non essendo stata esercitata n\u00e9 la disdetta n\u00e9 la proroga dello stesso, quanto indicato potrebbe essere soggetto a variazioni [&hellip;]<\/p>\n","protected":false},"author":45,"featured_media":1392,"comment_status":"closed","ping_status":"closed","sticky":false,"template":"","format":"standard","meta":{"footnotes":""},"categories":[22],"tags":[],"class_list":["post-2009","post","type-post","status-publish","format-standard","has-post-thumbnail","hentry","category-organizzazione-del-lavoro-orario"],"_links":{"self":[{"href":"https:\/\/www.firstcisl.it\/deutschebank\/wp-json\/wp\/v2\/posts\/2009","targetHints":{"allow":["GET"]}}],"collection":[{"href":"https:\/\/www.firstcisl.it\/deutschebank\/wp-json\/wp\/v2\/posts"}],"about":[{"href":"https:\/\/www.firstcisl.it\/deutschebank\/wp-json\/wp\/v2\/types\/post"}],"author":[{"embeddable":true,"href":"https:\/\/www.firstcisl.it\/deutschebank\/wp-json\/wp\/v2\/users\/45"}],"replies":[{"embeddable":true,"href":"https:\/\/www.firstcisl.it\/deutschebank\/wp-json\/wp\/v2\/comments?post=2009"}],"version-history":[{"count":2,"href":"https:\/\/www.firstcisl.it\/deutschebank\/wp-json\/wp\/v2\/posts\/2009\/revisions"}],"predecessor-version":[{"id":2640,"href":"https:\/\/www.firstcisl.it\/deutschebank\/wp-json\/wp\/v2\/posts\/2009\/revisions\/2640"}],"wp:featuredmedia":[{"embeddable":true,"href":"https:\/\/www.firstcisl.it\/deutschebank\/wp-json\/wp\/v2\/media\/1392"}],"wp:attachment":[{"href":"https:\/\/www.firstcisl.it\/deutschebank\/wp-json\/wp\/v2\/media?parent=2009"}],"wp:term":[{"taxonomy":"category","embeddable":true,"href":"https:\/\/www.firstcisl.it\/deutschebank\/wp-json\/wp\/v2\/categories?post=2009"},{"taxonomy":"post_tag","embeddable":true,"href":"https:\/\/www.firstcisl.it\/deutschebank\/wp-json\/wp\/v2\/tags?post=2009"}],"curies":[{"name":"wp","href":"https:\/\/api.w.org\/{rel}","templated":true}]}}