{"id":1434,"date":"2018-01-29T19:09:43","date_gmt":"2018-01-29T18:09:43","guid":{"rendered":"http:\/\/www.firstcisl.it\/deutschebank\/?p=1434"},"modified":"2018-01-29T19:22:46","modified_gmt":"2018-01-29T18:22:46","slug":"firmato-accordo-su-articolazione-orario-di-lavoro-in-dg","status":"publish","type":"post","link":"https:\/\/www.firstcisl.it\/deutschebank\/2018\/01\/29\/firmato-accordo-su-articolazione-orario-di-lavoro-in-dg\/","title":{"rendered":"Firmato accordo su articolazione orario di lavoro in DG"},"content":{"rendered":"<p>In data 25\/01\/2018 \u00e8 stato firmato l&#8217;accordo per l&#8217;articolazione dell&#8217;orario di lavoro presso l&#8217;ufficio\u00a0&#8220;Prestiti Personali e Finalizzati&#8221; della UO PCC Banking Services.<\/p>\n<p>In aggiunta all&#8217;impostazione standard che prevede l&#8217;operativit\u00e0 dal luned\u00ec al venerd\u00ec, dalle ore 8,25 alle ore 16,55, con intervallo di un&#8217;ora, con decorrenza 22.01.2018 viene introdotta una nuova articolazione dell&#8217;orario di lavoro per il personale di detto ufficio, che prevede, a rotazione, l&#8217;operativit\u00e0 nelle giornate dal marted\u00ec al sabato, dalle ore 8,25 alle ore 16,55, con intervallo di un&#8217;ora, per complessive n. 3 risorse, di cui, di norma, n. 2 AP e n. 1 QD.<\/p>\n<p>Con questo accordo, che, peraltro , introduce una consultazione strutturale della tematica, \u00e8 stata prevista una corretta turnazione dei colleghi e l&#8217;introduzione di un&#8217;indennit\u00e0 per il disagio, pi\u00f9 elevata di quanto inizialmente proposto e per la reperibilit\u00e0 del sabato.<\/p>\n<p><a href=\"https:\/\/www.firstcisl.it\/deutschebank\/wp-content\/uploads\/sites\/20\/2018\/01\/Verbale-di-Accordo-25.1.18.pdf\" target=\"_blank\" rel=\"noopener\">Testo dell&#8217;accordo<\/a><\/p>\n<div class=\"gsp_post_data\" \r\n\t            data-post_type=\"post\" \r\n\t            data-cat=\"contrattazione\" \r\n\t            data-modified=\"120\"\r\n\t            data-created=\"1517252983\"\r\n\t            data-title=\"Firmato accordo su articolazione orario di lavoro in DG\" \r\n\t            data-home=\"https:\/\/www.firstcisl.it\/deutschebank\"><\/div>","protected":false},"excerpt":{"rendered":"<p>In data 25\/01\/2018 \u00e8 stato firmato l&#8217;accordo per l&#8217;articolazione dell&#8217;orario di lavoro presso l&#8217;ufficio\u00a0&#8220;Prestiti Personali e Finalizzati&#8221; della UO PCC Banking Services. In aggiunta all&#8217;impostazione standard che prevede l&#8217;operativit\u00e0 dal luned\u00ec al venerd\u00ec, dalle ore 8,25 alle ore 16,55, con intervallo di un&#8217;ora, con decorrenza 22.01.2018 viene introdotta una nuova articolazione dell&#8217;orario di lavoro per [&hellip;]<\/p>\n","protected":false},"author":45,"featured_media":1436,"comment_status":"closed","ping_status":"closed","sticky":false,"template":"","format":"standard","meta":{"footnotes":""},"categories":[6],"tags":[],"class_list":["post-1434","post","type-post","status-publish","format-standard","has-post-thumbnail","hentry","category-contrattazione"],"_links":{"self":[{"href":"https:\/\/www.firstcisl.it\/deutschebank\/wp-json\/wp\/v2\/posts\/1434","targetHints":{"allow":["GET"]}}],"collection":[{"href":"https:\/\/www.firstcisl.it\/deutschebank\/wp-json\/wp\/v2\/posts"}],"about":[{"href":"https:\/\/www.firstcisl.it\/deutschebank\/wp-json\/wp\/v2\/types\/post"}],"author":[{"embeddable":true,"href":"https:\/\/www.firstcisl.it\/deutschebank\/wp-json\/wp\/v2\/users\/45"}],"replies":[{"embeddable":true,"href":"https:\/\/www.firstcisl.it\/deutschebank\/wp-json\/wp\/v2\/comments?post=1434"}],"version-history":[{"count":6,"href":"https:\/\/www.firstcisl.it\/deutschebank\/wp-json\/wp\/v2\/posts\/1434\/revisions"}],"predecessor-version":[{"id":1442,"href":"https:\/\/www.firstcisl.it\/deutschebank\/wp-json\/wp\/v2\/posts\/1434\/revisions\/1442"}],"wp:featuredmedia":[{"embeddable":true,"href":"https:\/\/www.firstcisl.it\/deutschebank\/wp-json\/wp\/v2\/media\/1436"}],"wp:attachment":[{"href":"https:\/\/www.firstcisl.it\/deutschebank\/wp-json\/wp\/v2\/media?parent=1434"}],"wp:term":[{"taxonomy":"category","embeddable":true,"href":"https:\/\/www.firstcisl.it\/deutschebank\/wp-json\/wp\/v2\/categories?post=1434"},{"taxonomy":"post_tag","embeddable":true,"href":"https:\/\/www.firstcisl.it\/deutschebank\/wp-json\/wp\/v2\/tags?post=1434"}],"curies":[{"name":"wp","href":"https:\/\/api.w.org\/{rel}","templated":true}]}}