{"id":4226,"date":"2022-05-02T15:04:26","date_gmt":"2022-05-02T13:04:26","guid":{"rendered":"https:\/\/www.firstcisl.it\/creditocooperativo\/?p=4226"},"modified":"2022-05-02T15:04:26","modified_gmt":"2022-05-02T13:04:26","slug":"fondo-pensione-nazionale-bcc-stefano-del-giudice-nuovo-componente-cda","status":"publish","type":"post","link":"https:\/\/www.firstcisl.it\/creditocooperativo\/2022\/05\/02\/fondo-pensione-nazionale-bcc-stefano-del-giudice-nuovo-componente-cda\/","title":{"rendered":"Fondo pensione nazionale Bcc, Stefano Del Giudice nuovo componente Cda"},"content":{"rendered":"<p>In data 28 aprile u.s. si \u00e8 tenuta l\u2019Assemblea dei delegati del Fondo pensione nazionale Bcc, l\u2019ente bilaterale di settore costituito con lungimiranza nel 1987 da First Cisl (allora Fiba Cisl) insieme alle altre organizzazioni sindacali e Federcasse.<\/p>\n<p>I lavori dell\u2019Assemblea prevedevano, in seduta straordinaria, la modifica di alcuni articoli dello Statuto del Fondo resi necessari a seguito di nuove previsioni normative e regolamentari riferite a delibere Covip (la Commissione di vigilanza sui Fondi pensione) mentre, nella parte ordinaria, oltre alla presentazione del Bilancio e ad altri adempimenti, si \u00e8 proceduto al rinnovo della \u201cgovernance\u201d e degli \u201corganismi di controllo\u201d.<\/p>\n<p>L\u2019impegno assunto dalle Segreterie nazionali il 14 giugno scorso per stabili relazioni negli enti bilaterali di categoria ed il conseguente percorso unitario effettuato in questi mesi sugli assetti di governo sia del Fssr che di Cmn hanno posto le condizioni per un ritorno della nostra organizzazione in seno al Fondo pensione nazionale.<\/p>\n<p>\u00c8 quindi con forte senso di responsabilit\u00e0 verso i nostri iscritti e verso tutti i colleghi che abbiamo deciso di partecipare prima alla formazione della lista unitaria dei delegati ed ora entrando attivamente nella nuova \u201cgovernance\u201d dell\u2019ente.<\/p>\n<p>Il nostro obiettivo innanzitutto \u00e8 di preservarlo rispetto a dinamiche che ne possano compromettere l\u2019integrit\u00e0, alla luce anche di una congiuntura economica particolarmente difficile ed un contesto fortemente instabile; inoltre di mettere in condivisione le nostre istanze, le nostre idee, nel tentativo ultimo di \u201cavvicinarlo\u201d sempre di pi\u00f9 ai lavoratori del Credito Cooperativo, soprattutto a quelle classi pi\u00f9 giovani, ancora inconsapevoli dell\u2019importanza di dotarsi di soluzioni di previdenza integrativa.<\/p>\n<p>\u00c8 dunque con soddisfazione che annunciamo l\u2019elezione del nostro rappresentante, Stefano Del Giudice, quale nuovo componente del Consiglio di Amministrazione, per il mandato 2022-2025.<\/p>\n<p>\u201cIl lavoro che ci attende sar\u00e0 lungo e faticoso ma \u2013 ha sottolineato Stefano Del Giudice a margine dei lavori &#8211; la consapevolezza del ruolo determina una presa di responsabilit\u00e0 che potr\u00e0 e dovr\u00e0 essere rivolta esclusivamente a beneficio di tutti gli aderenti al Fondo, nessuno escluso. Nel ringraziare chi ha sostenuto questa scelta sono certo che, come First Cisl, saremo capaci di impostare un lavoro proficuo e duraturo nel tempo\u201d.<\/p>\n<p>Comunicazione First Cisl Credito Cooperativo<\/p>\n<p>Allegati: \u00a0\u00a0 <strong><a href=\"https:\/\/www.firstcisl.it\/creditocooperativo\/wp-content\/uploads\/sites\/18\/2022\/05\/78-noicooperfirst.pdf\" target=\"_blank\" rel=\"noopener noreferrer\">#noicooperfirst n. 78<\/a><\/strong>\u00a0 \u00a0 \u00a0\u00a0<strong><a href=\"https:\/\/www.firstcisl.it\/creditocooperativo\/wp-content\/uploads\/sites\/18\/2022\/05\/2022_04_29_BCC_assemblea_fondo_pensione.pdf\" target=\"_blank\" rel=\"noopener noreferrer\">comunicato CooperFirst<\/a><\/strong><\/p>\n<p>&nbsp;<\/p>\n<div class=\"gsp_post_data\" \r\n\t            data-post_type=\"post\" \r\n\t            data-cat=\"in-primo-piano\" \r\n\t            data-modified=\"120\"\r\n\t            data-created=\"1651503866\"\r\n\t            data-title=\"Fondo pensione nazionale Bcc, Stefano Del Giudice nuovo componente Cda\" \r\n\t            data-home=\"https:\/\/www.firstcisl.it\/creditocooperativo\"><\/div>","protected":false},"excerpt":{"rendered":"<p>In data 28 aprile u.s. si \u00e8 tenuta l\u2019Assemblea dei delegati del Fondo pensione nazionale Bcc, l\u2019ente bilaterale di settore costituito con lungimiranza nel 1987 da First Cisl (allora Fiba Cisl) insieme alle altre organizzazioni sindacali e Federcasse. I lavori dell\u2019Assemblea prevedevano, in seduta straordinaria, la modifica di alcuni articoli dello Statuto del Fondo resi [&hellip;]<\/p>\n","protected":false},"author":12,"featured_media":1424,"comment_status":"closed","ping_status":"closed","sticky":false,"template":"","format":"standard","meta":{"footnotes":""},"categories":[4],"tags":[288,380,14,16,169,26,47,535],"class_list":["post-4226","post","type-post","status-publish","format-standard","has-post-thumbnail","hentry","category-in-primo-piano","tag-assemblea-fondo-pensione-nazionale-bcc","tag-comunicati","tag-cooperfirst","tag-credito-cooperativo","tag-enti-bilaterali","tag-federcasse","tag-fondo-pensione-nazionale-bcc","tag-stefano-del-giudice"],"_links":{"self":[{"href":"https:\/\/www.firstcisl.it\/creditocooperativo\/wp-json\/wp\/v2\/posts\/4226","targetHints":{"allow":["GET"]}}],"collection":[{"href":"https:\/\/www.firstcisl.it\/creditocooperativo\/wp-json\/wp\/v2\/posts"}],"about":[{"href":"https:\/\/www.firstcisl.it\/creditocooperativo\/wp-json\/wp\/v2\/types\/post"}],"author":[{"embeddable":true,"href":"https:\/\/www.firstcisl.it\/creditocooperativo\/wp-json\/wp\/v2\/users\/12"}],"replies":[{"embeddable":true,"href":"https:\/\/www.firstcisl.it\/creditocooperativo\/wp-json\/wp\/v2\/comments?post=4226"}],"version-history":[{"count":9,"href":"https:\/\/www.firstcisl.it\/creditocooperativo\/wp-json\/wp\/v2\/posts\/4226\/revisions"}],"predecessor-version":[{"id":4237,"href":"https:\/\/www.firstcisl.it\/creditocooperativo\/wp-json\/wp\/v2\/posts\/4226\/revisions\/4237"}],"wp:featuredmedia":[{"embeddable":true,"href":"https:\/\/www.firstcisl.it\/creditocooperativo\/wp-json\/wp\/v2\/media\/1424"}],"wp:attachment":[{"href":"https:\/\/www.firstcisl.it\/creditocooperativo\/wp-json\/wp\/v2\/media?parent=4226"}],"wp:term":[{"taxonomy":"category","embeddable":true,"href":"https:\/\/www.firstcisl.it\/creditocooperativo\/wp-json\/wp\/v2\/categories?post=4226"},{"taxonomy":"post_tag","embeddable":true,"href":"https:\/\/www.firstcisl.it\/creditocooperativo\/wp-json\/wp\/v2\/tags?post=4226"}],"curies":[{"name":"wp","href":"https:\/\/api.w.org\/{rel}","templated":true}]}}