{"id":3122,"date":"2020-10-13T20:49:06","date_gmt":"2020-10-13T18:49:06","guid":{"rendered":"https:\/\/www.firstcisl.it\/creditocooperativo\/?p=3122"},"modified":"2020-10-13T20:49:06","modified_gmt":"2020-10-13T18:49:06","slug":"inps-chiarimenti-in-tema-di-quarantena","status":"publish","type":"post","link":"https:\/\/www.firstcisl.it\/creditocooperativo\/2020\/10\/13\/inps-chiarimenti-in-tema-di-quarantena\/","title":{"rendered":"INPS, chiarimenti in tema di quarantena"},"content":{"rendered":"<p>Il messaggio <a href=\"https:\/\/www.firstcisl.it\/creditocooperativo\/wp-content\/uploads\/sites\/18\/2020\/10\/2020-10-09-Messaggio-Inps.pdf\" target=\"_blank\" rel=\"noopener noreferrer\">INPS n. 3653 del 9 ottobre 2020<\/a>, in tema di \u201cTutela previdenziale della malattia in attuazione dell\u2019articolo 26 del <a href=\"https:\/\/www.gazzettaufficiale.it\/eli\/id\/2020\/04\/29\/20G00045\/sg\" target=\"_blank\" rel=\"noopener noreferrer\">decreto-legge n. 18 del 2020<\/a>, convertito, con modificazioni, dalla legge n. 27 del 2020. Indicazioni operative e chiarimenti per i lavoratori aventi diritto alla tutela previdenziale della malattia\u201d, al punto 2 \u2013 <strong>\u201cQuarantena\/sorveglianza precauzionale e lavoro agile\u201d<\/strong> &#8211; evidenzia come non sia \u201cpossibile ricorrere alla tutela previdenziale della malattia o della degenza ospedaliera nei casi in cui il lavoratore in quarantena (art. 26, comma 1) o in sorveglianza precauzionale perch\u00e9 soggetto fragile (art. 26, comma 2) continui a svolgere, sulla base degli accordi con il proprio datore di lavoro, l\u2019attivit\u00e0 lavorativa presso il proprio domicilio, mediante le citate forme di lavoro alternative alla presenza in ufficio. In tale circostanza, infatti, non ha luogo la sospensione dell\u2019attivit\u00e0 lavorativa con la correlata retribuzione\u201d.<\/p>\n<p>Il punto 3 &#8211; <strong>Quarantena per ordinanza amministrativa<\/strong> \u2013 definisce come \u201cA seguito dell\u2019entrata in vigore del decreto-legge 14 agosto 2020, n. 104, \u00e8 stata prevista, all\u2019articolo 19, un\u2019apposita tutela per i lavoratori domiciliati o residenti in Comuni per i quali la pubblica autorit\u00e0 abbia emanato provvedimenti di contenimento e di divieto di allontanamento dal proprio territorio, disponendo l&#8217;obbligo di permanenza domiciliare in ragione dell&#8217;emergenza epidemiologica da COVID-19, che siano stati impossibilitati a raggiungere il luogo di lavoro, limitatamente alle imprese operanti nelle Regioni Emilia-Romagna, Regione del Veneto e Lombardia. Tale tutela stabilisce che i datori di lavoro operanti esclusivamente nelle citate regioni, possono presentare, con riferimento ai suddetti lavoratori, domanda di accesso ai trattamenti di CIGO, CIGD, ASO e CISOA, per i periodi decorrenti dal 23 febbraio 2020 al 30 aprile 2020 (cfr. la circolare n. 115 del 30 settembre 2020, paragrafo 10). La citata previsione normativa, sebbene sia limitata ad un determinato ambito territoriale e temporale, confermando l\u2019orientamento dell\u2019Istituto, consente di affermare, quale principio generale, che in tutti i casi di ordinanze o provvedimenti di autorit\u00e0 amministrative che di fatto impediscano ai soggetti di svolgere la propria attivit\u00e0 lavorativa non \u00e8 possibile procedere con il riconoscimento della tutela della quarantena ai sensi del comma 1 dell\u2019articolo 26, in quanto la stessa prevede un provvedimento dell\u2019operatore di sanit\u00e0 pubblica\u201d.<\/p>\n<p>Comunicazione First Cisl Credito Cooperativo<\/p>\n<p>Allegato: \u00a0\u00a0<strong><a href=\"https:\/\/www.firstcisl.it\/creditocooperativo\/wp-content\/uploads\/sites\/18\/2020\/10\/2020-10-09-Messaggio-Inps.pdf\" target=\"_blank\" rel=\"noopener noreferrer\">messaggio INPS 3653<\/a><\/strong><\/p>\n<p>&nbsp;<\/p>\n<div class=\"gsp_post_data\" \r\n\t            data-post_type=\"post\" \r\n\t            data-cat=\"in-primo-piano\" \r\n\t            data-modified=\"120\"\r\n\t            data-created=\"1602622146\"\r\n\t            data-title=\"INPS, chiarimenti in tema di quarantena\" \r\n\t            data-home=\"https:\/\/www.firstcisl.it\/creditocooperativo\"><\/div>","protected":false},"excerpt":{"rendered":"<p>Il messaggio INPS n. 3653 del 9 ottobre 2020, in tema di \u201cTutela previdenziale della malattia in attuazione dell\u2019articolo 26 del decreto-legge n. 18 del 2020, convertito, con modificazioni, dalla legge n. 27 del 2020. Indicazioni operative e chiarimenti per i lavoratori aventi diritto alla tutela previdenziale della malattia\u201d, al punto 2 \u2013 \u201cQuarantena\/sorveglianza precauzionale [&hellip;]<\/p>\n","protected":false},"author":12,"featured_media":2317,"comment_status":"closed","ping_status":"closed","sticky":false,"template":"","format":"standard","meta":{"footnotes":""},"categories":[4],"tags":[179,203,340,341,191,339,306],"class_list":["post-3122","post","type-post","status-publish","format-standard","has-post-thumbnail","hentry","category-in-primo-piano","tag-coronovirus","tag-covid-19","tag-decreto-legge","tag-gazzetta-ufficiale","tag-inps","tag-messaggio-inps","tag-quarantena"],"_links":{"self":[{"href":"https:\/\/www.firstcisl.it\/creditocooperativo\/wp-json\/wp\/v2\/posts\/3122","targetHints":{"allow":["GET"]}}],"collection":[{"href":"https:\/\/www.firstcisl.it\/creditocooperativo\/wp-json\/wp\/v2\/posts"}],"about":[{"href":"https:\/\/www.firstcisl.it\/creditocooperativo\/wp-json\/wp\/v2\/types\/post"}],"author":[{"embeddable":true,"href":"https:\/\/www.firstcisl.it\/creditocooperativo\/wp-json\/wp\/v2\/users\/12"}],"replies":[{"embeddable":true,"href":"https:\/\/www.firstcisl.it\/creditocooperativo\/wp-json\/wp\/v2\/comments?post=3122"}],"version-history":[{"count":6,"href":"https:\/\/www.firstcisl.it\/creditocooperativo\/wp-json\/wp\/v2\/posts\/3122\/revisions"}],"predecessor-version":[{"id":3129,"href":"https:\/\/www.firstcisl.it\/creditocooperativo\/wp-json\/wp\/v2\/posts\/3122\/revisions\/3129"}],"wp:featuredmedia":[{"embeddable":true,"href":"https:\/\/www.firstcisl.it\/creditocooperativo\/wp-json\/wp\/v2\/media\/2317"}],"wp:attachment":[{"href":"https:\/\/www.firstcisl.it\/creditocooperativo\/wp-json\/wp\/v2\/media?parent=3122"}],"wp:term":[{"taxonomy":"category","embeddable":true,"href":"https:\/\/www.firstcisl.it\/creditocooperativo\/wp-json\/wp\/v2\/categories?post=3122"},{"taxonomy":"post_tag","embeddable":true,"href":"https:\/\/www.firstcisl.it\/creditocooperativo\/wp-json\/wp\/v2\/tags?post=3122"}],"curies":[{"name":"wp","href":"https:\/\/api.w.org\/{rel}","templated":true}]}}