{"id":710,"date":"2017-06-05T18:29:27","date_gmt":"2017-06-05T16:29:27","guid":{"rendered":"http:\/\/www.firstcisl.it\/congresso2017\/?p=710"},"modified":"2017-06-05T18:29:27","modified_gmt":"2017-06-05T16:29:27","slug":"bellezza-cultura-dialogo-e-fiducia-i-valori-di-first-social-life","status":"publish","type":"post","link":"https:\/\/www.firstcisl.it\/congresso2017\/2017\/06\/05\/bellezza-cultura-dialogo-e-fiducia-i-valori-di-first-social-life\/","title":{"rendered":"Bellezza, cultura, dialogo e fiducia i valori di First Social Life"},"content":{"rendered":"<p>La bellezza e la cultura per unire persone e sensibilit\u00e0. Dialogo e fiducia sono possibili ovunque. Sono tanti i valori alla base della nascita e dello sviluppo di First Social Life che non \u00e8 figlia di una visione utopistica o filantropica: \u201cFirst Social Life \u00e8 un veicolo per la costruzione di modelli sociali effettivamente praticati, economicamente ed eticamente sostenibili \u2013 spiega Giulio Romani, nel corso della relazione inaugurale del primo congresso nazionale di First Cisl in corso a Roma &#8211; su cui costruire esperienze di collaborazione e partecipazione. L\u2019attivit\u00e0 svolta in questi anni, con First Social Life, da Casal di Principe a Lampedusa, da Firenze a Palermo ci vedr\u00e0, da domani, impegnati a dar vita ad una nuova iniziativa, forse pi\u00f9 bella sinora realizzata: Il recupero di una parte del complesso monumentale di San Damiano e la creazione, l\u00ec, di un luogo per l\u2019incontro tra culture e religioni diverse, di formazione ad una \u201csociet\u00e0 della fiducia\u201d.<\/p>\n<p>&#8220;Ci rivolgiamo al Paese costruendo esempi che dimostrino che la legalit\u00e0, la bellezza, il dialogo, il rapporto virtuoso tra privati e istituzioni sono possibili, anche dove sembrano non esserlo e possono creare nuovo e pi\u00f9 produttivo lavoro. Dimostrando che \u00e8 possibile educare all\u2019arte, alla bellezza ed a un lavoro onesto tanti giovani anche dove i simboli del potere camorrista non paiono lasciare scampo ad altre scelte!&#8221;<\/p>\n<p>&#8220;Il nostro impegno sociale non si esaurir\u00e0 e, anzi, a partire da questo congresso segneremo un momento di svolta, proponendovi di fondare, all\u2019interno della nostra federazione, un quinto settore, dedicato allo sviluppo delle attivit\u00e0 sociali, alla cultura del dialogo e della legalit\u00e0, all\u2019inclusione delle persone con disabilit\u00e0, alla promozione del confronto su temi di comune interesse fra i diversi soggetti del nostro vivere civile&#8221;.<\/p>\n<div class=\"gsp_post_data\" \r\n\t            data-post_type=\"post\" \r\n\t            data-cat=\"in-primo-piano\" \r\n\t            data-modified=\"120\"\r\n\t            data-created=\"1496687367\"\r\n\t            data-title=\"Bellezza, cultura, dialogo e fiducia i valori di First Social Life\" \r\n\t            data-home=\"https:\/\/www.firstcisl.it\/congresso2017\"><\/div>","protected":false},"excerpt":{"rendered":"<p>La bellezza e la cultura per unire persone e sensibilit\u00e0. Dialogo e fiducia sono possibili ovunque. Sono tanti i valori alla base della nascita e dello sviluppo di First Social Life che non \u00e8 figlia di una visione utopistica o filantropica: \u201cFirst Social Life \u00e8 un veicolo per la costruzione di modelli sociali effettivamente praticati, [&hellip;]<\/p>\n","protected":false},"author":10,"featured_media":709,"comment_status":"closed","ping_status":"closed","sticky":false,"template":"","format":"standard","meta":{"footnotes":""},"categories":[14],"tags":[],"class_list":["post-710","post","type-post","status-publish","format-standard","has-post-thumbnail","hentry","category-in-primo-piano"],"_links":{"self":[{"href":"https:\/\/www.firstcisl.it\/congresso2017\/wp-json\/wp\/v2\/posts\/710","targetHints":{"allow":["GET"]}}],"collection":[{"href":"https:\/\/www.firstcisl.it\/congresso2017\/wp-json\/wp\/v2\/posts"}],"about":[{"href":"https:\/\/www.firstcisl.it\/congresso2017\/wp-json\/wp\/v2\/types\/post"}],"author":[{"embeddable":true,"href":"https:\/\/www.firstcisl.it\/congresso2017\/wp-json\/wp\/v2\/users\/10"}],"replies":[{"embeddable":true,"href":"https:\/\/www.firstcisl.it\/congresso2017\/wp-json\/wp\/v2\/comments?post=710"}],"version-history":[{"count":3,"href":"https:\/\/www.firstcisl.it\/congresso2017\/wp-json\/wp\/v2\/posts\/710\/revisions"}],"predecessor-version":[{"id":735,"href":"https:\/\/www.firstcisl.it\/congresso2017\/wp-json\/wp\/v2\/posts\/710\/revisions\/735"}],"wp:featuredmedia":[{"embeddable":true,"href":"https:\/\/www.firstcisl.it\/congresso2017\/wp-json\/wp\/v2\/media\/709"}],"wp:attachment":[{"href":"https:\/\/www.firstcisl.it\/congresso2017\/wp-json\/wp\/v2\/media?parent=710"}],"wp:term":[{"taxonomy":"category","embeddable":true,"href":"https:\/\/www.firstcisl.it\/congresso2017\/wp-json\/wp\/v2\/categories?post=710"},{"taxonomy":"post_tag","embeddable":true,"href":"https:\/\/www.firstcisl.it\/congresso2017\/wp-json\/wp\/v2\/tags?post=710"}],"curies":[{"name":"wp","href":"https:\/\/api.w.org\/{rel}","templated":true}]}}