{"id":2596,"date":"2026-04-24T15:11:52","date_gmt":"2026-04-24T13:11:52","guid":{"rendered":"https:\/\/www.firstcisl.it\/compass\/?p=2596"},"modified":"2026-04-24T15:11:52","modified_gmt":"2026-04-24T13:11:52","slug":"incontro-tra-le-segreterie-first-cisl-di-mediobanca-e-mps-valorizziamo-la-collaborazione-mantenendo-un-confronto-costante","status":"publish","type":"post","link":"https:\/\/www.firstcisl.it\/compass\/2026\/04\/24\/incontro-tra-le-segreterie-first-cisl-di-mediobanca-e-mps-valorizziamo-la-collaborazione-mantenendo-un-confronto-costante\/","title":{"rendered":"Incontro tra le Segreterie First Cisl di Mediobanca e Mps: valorizziamo la collaborazione mantenendo un confronto costante"},"content":{"rendered":"<p>Nella giornata di marted\u00ec 21 aprile 2026 si \u00e8 svolto un incontro tra le <strong>Segreterie First Cisl del Gruppo Mediobanca e del Gruppo Mps<\/strong>, esteso anche alle rispettive realt\u00e0 di gruppo.<\/p>\n<p>All\u2019incontro hanno partecipato, per Mediobanca il coordinatore nazionale <strong>Alessandro Delfino<\/strong> insieme a <strong>Maria Grazia Barone Zabbara<\/strong>, e per Mps la Segretaria generale aggiunta con delega, <strong>Sabrina Brezzo<\/strong>.<\/p>\n<p>Si \u00e8 trattato del primo momento di confronto in presenza tra tutte le Segreterie, dedicato alla conoscenza reciproca delle strutture e delle rispettive composizioni. La giornata di lavoro si \u00e8 svolta in un clima positivo e costruttivo, favorendo un approfondimento sulle realt\u00e0 delle rispettive societ\u00e0 e ponendo le basi per un percorso condiviso.<\/p>\n<p>In assenza, allo stato attuale, di un piano industriale di riferimento, l\u2019incontro ha rappresentato un passaggio importante per rafforzare il dialogo e consolidare una collaborazione efficace tra le due strutture sindacali.<\/p>\n<p><em>\u201cIl lavoro che ci aspetta sar\u00e0 lungo e non sempre facile, ma come sempre saremo pronti ad affrontare tutte le sfide che si presenteranno\u201d<\/em>, hanno dichiarato i Segretari responsabili dei Gruppi Mediobanca e Mps, <strong>Luca Mazzanti <\/strong>e\u00a0<strong>Alessia Silvestri<\/strong>.<\/p>\n<p><em>\u201cLo faremo con l\u2019impegno e la seriet\u00e0 che da sempre contraddistinguono First Cisl\u201d<\/em>, hanno aggiunto la Segretaria generale aggiunta Sabrina Brezzo e il coordinatore nazionale Alessandro Delfino.<\/p>\n<p>&nbsp;<\/p>\n<div class=\"gsp_post_data\" \r\n\t            data-post_type=\"post\" \r\n\t            data-cat=\"news\" \r\n\t            data-modified=\"120\"\r\n\t            data-created=\"1777043512\"\r\n\t            data-title=\"Incontro tra le Segreterie First Cisl di Mediobanca e Mps: valorizziamo la collaborazione mantenendo un confronto costante\" \r\n\t            data-home=\"https:\/\/www.firstcisl.it\/compass\"><\/div>","protected":false},"excerpt":{"rendered":"<p>Nella giornata di marted\u00ec 21 aprile 2026 si \u00e8 svolto un incontro tra le Segreterie First Cisl del Gruppo Mediobanca e del Gruppo Mps, esteso anche alle rispettive realt\u00e0 di gruppo. All\u2019incontro hanno partecipato, per Mediobanca il coordinatore nazionale Alessandro Delfino insieme a Maria Grazia Barone Zabbara, e per Mps la Segretaria generale aggiunta con [&hellip;]<\/p>\n","protected":false},"author":87,"featured_media":2597,"comment_status":"closed","ping_status":"closed","sticky":false,"template":"","format":"standard","meta":{"footnotes":""},"categories":[5],"tags":[35,50,34,48,45,47,46,49],"class_list":["post-2596","post","type-post","status-publish","format-standard","has-post-thumbnail","hentry","category-news","tag-alessandro-delfino","tag-alessia-silvestri","tag-luca-mazzanti","tag-maria-grazia-barone-zabbara","tag-mediobanca","tag-monte-dei-paschi-di-siena","tag-mps","tag-sabrina-brezzo"],"_links":{"self":[{"href":"https:\/\/www.firstcisl.it\/compass\/wp-json\/wp\/v2\/posts\/2596","targetHints":{"allow":["GET"]}}],"collection":[{"href":"https:\/\/www.firstcisl.it\/compass\/wp-json\/wp\/v2\/posts"}],"about":[{"href":"https:\/\/www.firstcisl.it\/compass\/wp-json\/wp\/v2\/types\/post"}],"author":[{"embeddable":true,"href":"https:\/\/www.firstcisl.it\/compass\/wp-json\/wp\/v2\/users\/87"}],"replies":[{"embeddable":true,"href":"https:\/\/www.firstcisl.it\/compass\/wp-json\/wp\/v2\/comments?post=2596"}],"version-history":[{"count":1,"href":"https:\/\/www.firstcisl.it\/compass\/wp-json\/wp\/v2\/posts\/2596\/revisions"}],"predecessor-version":[{"id":2598,"href":"https:\/\/www.firstcisl.it\/compass\/wp-json\/wp\/v2\/posts\/2596\/revisions\/2598"}],"wp:featuredmedia":[{"embeddable":true,"href":"https:\/\/www.firstcisl.it\/compass\/wp-json\/wp\/v2\/media\/2597"}],"wp:attachment":[{"href":"https:\/\/www.firstcisl.it\/compass\/wp-json\/wp\/v2\/media?parent=2596"}],"wp:term":[{"taxonomy":"category","embeddable":true,"href":"https:\/\/www.firstcisl.it\/compass\/wp-json\/wp\/v2\/categories?post=2596"},{"taxonomy":"post_tag","embeddable":true,"href":"https:\/\/www.firstcisl.it\/compass\/wp-json\/wp\/v2\/tags?post=2596"}],"curies":[{"name":"wp","href":"https:\/\/api.w.org\/{rel}","templated":true}]}}