{"id":3119,"date":"2026-04-02T12:56:22","date_gmt":"2026-04-02T10:56:22","guid":{"rendered":"https:\/\/www.firstcisl.it\/calabria\/?p=3119"},"modified":"2026-04-02T12:56:22","modified_gmt":"2026-04-02T10:56:22","slug":"first-cisl-calabria-serve-un-patto-sociale-su-ia-lavoro-e-territori","status":"publish","type":"post","link":"https:\/\/www.firstcisl.it\/calabria\/2026\/04\/02\/first-cisl-calabria-serve-un-patto-sociale-su-ia-lavoro-e-territori\/","title":{"rendered":"First Cisl Calabria: serve un patto sociale su IA, lavoro e territori"},"content":{"rendered":"<p><em>Il segretario generale First Cisl Calabria, <strong data-start=\"250\" data-end=\"268\">Felice Simeone<\/strong>, \u00e8 intervenuto al Consiglio generale della Cisl Calabria, che si \u00e8 tenuto il 1\u00b0 aprile a Feroleto Antico (CZ) dal titolo \u201cLa Cisl per un patto sociale\u201d, alla presenza della Segretaria generale nazionale <strong data-start=\"469\" data-end=\"489\">Daniela Fumarola<\/strong>. Di seguito il suo intervento:<\/em><\/p>\n<h4 style=\"text-align: center;\">Serve un patto sociale su IA, lavoro e territori<\/h4>\n<p data-start=\"662\" data-end=\"963\">La Calabria, con la legge regionale n. 4 del febbraio 2026, compie una scelta strategica: promuove lo sviluppo e l\u2019adozione di sistemi di intelligenza artificiale per rendere pi\u00f9 efficienti i processi amministrativi e migliorare la fruizione dei servizi per i cittadini. Ma non si ferma qui. Va oltre.<\/p>\n<p data-start=\"965\" data-end=\"1060\">Questa legge apre infatti la strada a una sperimentazione decisiva anche nel settore sanitario:<\/p>\n<ul data-start=\"1061\" data-end=\"1182\">\n<li data-section-id=\"iem14f\" data-start=\"1061\" data-end=\"1116\">monitoraggio domiciliare attraverso la telemedicina<\/li>\n<li data-section-id=\"1ct6npo\" data-start=\"1117\" data-end=\"1147\">supporto alla refertazione<\/li>\n<li data-section-id=\"1i56jp9\" data-start=\"1148\" data-end=\"1182\">riduzione delle liste d\u2019attesa<\/li>\n<\/ul>\n<p data-start=\"1184\" data-end=\"1282\">Sono segnali chiari: l\u2019intelligenza artificiale \u00e8 ormai presente in ogni ambito della nostra vita.<\/p>\n<p data-start=\"1284\" data-end=\"1538\">Viviamo pienamente nell\u2019era dell\u2019intelligenza artificiale, un\u2019era che evolve con una velocit\u00e0 impressionante: dall\u2019IA tradizionale all\u2019IA generativa, fino all\u2019IA agentica, capace di operare in modo proattivo con una supervisione umana sempre pi\u00f9 ridotta.<\/p>\n<p data-start=\"1540\" data-end=\"1764\">A questa evoluzione tecnologica corrisponde una trasformazione profonda del mondo del lavoro. Una trasformazione che porta con s\u00e9 nuove opportunit\u00e0, ma anche rischi concreti, a partire dalla tenuta dei livelli occupazionali.<\/p>\n<p data-start=\"1766\" data-end=\"1958\">Sono sempre di pi\u00f9 le aziende che intendono utilizzare l\u2019IA per ridurre i costi del lavoro, bloccando le assunzioni o, in alcuni casi \u2013 come quello di InvestCloud \u2013 arrivando ai licenziamenti.<\/p>\n<p data-start=\"1960\" data-end=\"2388\">Non basta richiamare il principio antropocentrico contenuto nel regolamento europeo del 2024 sull\u2019intelligenza artificiale (AI Act) o nel disegno di legge n. 132 del 2025 in Italia. Sono riferimenti importanti, certo, ma da soli non ci mettono al riparo dalle insidie. Non garantiscono automaticamente che l\u2019innovazione rimanga davvero al servizio della persona, n\u00e9 che le scelte aziendali rispettino il valore del lavoro umano.<\/p>\n<p data-start=\"2390\" data-end=\"2747\">Come sindacato abbiamo un dovere morale: tenere alta l\u2019attenzione. Dobbiamo ribadire con forza che l\u2019intelligenza artificiale deve essere uno strumento di supporto al lavoro, non di sostituzione delle lavoratrici e dei lavoratori. Dobbiamo pretendere di partecipare in modo concreto alla gestione, all\u2019organizzazione e ai processi decisionali delle aziende.<\/p>\n<p data-start=\"2749\" data-end=\"2865\">Dobbiamo ricordare sempre ai top manager che il lavoro \u00e8 un diritto fondamentale, sancito dalla nostra Costituzione.<\/p>\n<p data-start=\"2867\" data-end=\"3169\">Serve un confronto vero con le imprese. Serve mantenere e rafforzare \u2013 non smantellare, come avviene in alcuni Paesi dall\u2019altra parte dell\u2019Atlantico \u2013 i comitati etici e le cabine di regia, che restano tra i pochi luoghi in cui etica e razionalit\u00e0 possono arginare la corsa al profitto a tutti i costi.<\/p>\n<p data-start=\"3171\" data-end=\"3408\">Non possiamo immaginare un futuro senza lavoratrici e lavoratori. Non possiamo accettare un modello di societ\u00e0 sostenuto da un reddito essenziale che rischia di allargare la forbice sociale, concentrando la ricchezza nelle mani di pochi.<\/p>\n<p data-start=\"3410\" data-end=\"3838\">Il settore del credito e delle assicurazioni \u00e8 tra i pi\u00f9 esposti agli impatti dell\u2019intelligenza artificiale. In Calabria paghiamo gi\u00e0 un prezzo altissimo in termini di desertificazione bancaria e perdita di personale. Gli studi dell\u2019<a href=\"https:\/\/www.firstcisl.it\/osservatorio-desertificazione-bancaria\/\" target=\"_blank\" rel=\"noopener\">Osservatorio sulla desertificazione bancaria di First Cisl<\/a> confermano che troppi comuni sono ormai privi di sportelli e troppi cittadini non riescono ad accedere ai servizi finanziari essenziali.<\/p>\n<p data-start=\"3840\" data-end=\"3870\">Alcuni numeri parlano da soli:<\/p>\n<ul data-start=\"3871\" data-end=\"4062\">\n<li data-section-id=\"18briki\" data-start=\"3871\" data-end=\"3963\">circa il 50% della popolazione calabrese ha difficolt\u00e0 di accesso ai servizi finanziari;<\/li>\n<li data-section-id=\"10g77fg\" data-start=\"3964\" data-end=\"4062\">il 75% dei comuni calabresi \u00e8 privo di uno sportello bancario, soprattutto nelle aree interne.<\/li>\n<\/ul>\n<p data-start=\"4064\" data-end=\"4285\">Si dice che \u201cle banche seguono i flussi di popolazione\u201d. Ma non pu\u00f2 e non deve essere cos\u00ec. Dobbiamo creare le condizioni inverse: le banche devono rimanere nei territori, devono presidiare le comunit\u00e0 delle aree interne.<\/p>\n<p data-start=\"4287\" data-end=\"4501\">Senza accesso al credito, senza una consulenza qualificata, senza servizi finanziari adeguati, per le aree interne diventa impossibile attrarre nuove energie, sviluppare idee imprenditoriali e trattenere i giovani.<\/p>\n<p data-start=\"4503\" data-end=\"4772\">Le politiche di coesione, volte a ridurre il divario socio-economico e infrastrutturale tra le regioni, devono necessariamente passare, in Calabria, da una forte coesione territoriale delle aree interne. Se cresce l\u2019economia delle aree interne, cresce l\u2019intera regione.<\/p>\n<p data-start=\"4774\" data-end=\"4870\">Serve un patto sociale. Un patto che protegga tutti, ma soprattutto i cittadini pi\u00f9 vulnerabili.<\/p>\n<p data-start=\"4872\" data-end=\"5189\">In Calabria vediamo troppe famiglie, lavoratrici e lavoratori perdere i risparmi di una vita, la casa, l\u2019automobile o addirittura persone care a causa dei cambiamenti climatici, che colpiscono la nostra regione con forza crescente. Quando una casa viene distrutta da un evento catastrofale, il mutuo purtroppo rimane.<\/p>\n<p data-start=\"5191\" data-end=\"5522\">Ecco perch\u00e9 il sistema bancario, le imprese assicurative, le organizzazioni sindacali e gli enti pubblici devono lavorare insieme per costruire in Calabria un modello moderno e sostenibile di protezione dei beni e dei risparmi. Servono incentivi per polizze che proteggano dai rischi climatici, soprattutto per le fasce pi\u00f9 deboli.<\/p>\n<p data-start=\"5524\" data-end=\"5807\">La Federazione First Cisl Calabria \u00e8 al fianco della Confederazione Cisl Calabria, mettendo a disposizione competenze ed esperienza affinch\u00e9 nella nostra regione si realizzi un vero processo di coesione territoriale, attraverso un patto sociale per il lavoro e per la partecipazione.<\/p>\n<p><em>Feroleto Antico, 1\u00b0 aprile 2026<\/em><\/p>\n<p>&nbsp;<\/p>\n<p>&nbsp;<\/p>\n<div class=\"gsp_post_data\" \r\n\t            data-post_type=\"post\" \r\n\t            data-cat=\"in-primo-piano\" \r\n\t            data-modified=\"120\"\r\n\t            data-created=\"1775134582\"\r\n\t            data-title=\"First Cisl Calabria: serve un patto sociale su IA, lavoro e territori\" \r\n\t            data-home=\"https:\/\/www.firstcisl.it\/calabria\"><\/div>","protected":false},"excerpt":{"rendered":"<p>Il segretario generale First Cisl Calabria, Felice Simeone, \u00e8 intervenuto al Consiglio generale della Cisl Calabria, che si \u00e8 tenuto il 1\u00b0 aprile a Feroleto Antico (CZ) dal titolo \u201cLa Cisl per un patto sociale\u201d, alla presenza della Segretaria generale nazionale Daniela Fumarola. Di seguito il suo intervento: Serve un patto sociale su IA, lavoro [&hellip;]<\/p>\n","protected":false},"author":66,"featured_media":3120,"comment_status":"closed","ping_status":"closed","sticky":false,"template":"","format":"standard","meta":{"footnotes":""},"categories":[4],"tags":[225,342,212,344,204,318,343],"class_list":["post-3119","post","type-post","status-publish","format-standard","has-post-thumbnail","hentry","category-in-primo-piano","tag-cisl-calabria","tag-daniela-fumarola","tag-desertificazione-bancaria","tag-eventi-catastrofali","tag-felice-simeone","tag-intelligenza-artificiale","tag-rischi-climatici"],"_links":{"self":[{"href":"https:\/\/www.firstcisl.it\/calabria\/wp-json\/wp\/v2\/posts\/3119","targetHints":{"allow":["GET"]}}],"collection":[{"href":"https:\/\/www.firstcisl.it\/calabria\/wp-json\/wp\/v2\/posts"}],"about":[{"href":"https:\/\/www.firstcisl.it\/calabria\/wp-json\/wp\/v2\/types\/post"}],"author":[{"embeddable":true,"href":"https:\/\/www.firstcisl.it\/calabria\/wp-json\/wp\/v2\/users\/66"}],"replies":[{"embeddable":true,"href":"https:\/\/www.firstcisl.it\/calabria\/wp-json\/wp\/v2\/comments?post=3119"}],"version-history":[{"count":1,"href":"https:\/\/www.firstcisl.it\/calabria\/wp-json\/wp\/v2\/posts\/3119\/revisions"}],"predecessor-version":[{"id":3121,"href":"https:\/\/www.firstcisl.it\/calabria\/wp-json\/wp\/v2\/posts\/3119\/revisions\/3121"}],"wp:featuredmedia":[{"embeddable":true,"href":"https:\/\/www.firstcisl.it\/calabria\/wp-json\/wp\/v2\/media\/3120"}],"wp:attachment":[{"href":"https:\/\/www.firstcisl.it\/calabria\/wp-json\/wp\/v2\/media?parent=3119"}],"wp:term":[{"taxonomy":"category","embeddable":true,"href":"https:\/\/www.firstcisl.it\/calabria\/wp-json\/wp\/v2\/categories?post=3119"},{"taxonomy":"post_tag","embeddable":true,"href":"https:\/\/www.firstcisl.it\/calabria\/wp-json\/wp\/v2\/tags?post=3119"}],"curies":[{"name":"wp","href":"https:\/\/api.w.org\/{rel}","templated":true}]}}