{"id":2995,"date":"2025-11-07T20:34:19","date_gmt":"2025-11-07T19:34:19","guid":{"rendered":"https:\/\/www.firstcisl.it\/calabria\/?p=2995"},"modified":"2025-11-07T20:39:26","modified_gmt":"2025-11-07T19:39:26","slug":"first-cisl-calabria-corre-per-la-pace-insieme-alla-cisl-calabria","status":"publish","type":"post","link":"https:\/\/www.firstcisl.it\/calabria\/2025\/11\/07\/first-cisl-calabria-corre-per-la-pace-insieme-alla-cisl-calabria\/","title":{"rendered":"First Cisl Calabria \u201ccorre per la pace\u201d insieme alla Cisl Calabria"},"content":{"rendered":"<p>Si \u00e8 svolta oggi a Pizzo, presso l\u2019Istituto Tecnico Nautico, la tappa calabrese della <a href=\"https:\/\/www.cisl.it\/maratonaperlapace\/\" target=\"_blank\" rel=\"noopener\"><strong>Maratona della Pace<\/strong><\/a>, una catena di iniziative promosse dalla Cisl che ha toccato tutte le regioni italiane e che si concluder\u00e0 a Roma con la grande Assemblea Nazionale del 15 novembre.<\/p>\n<p>In un\u2019aula magna gremita, studenti, dirigenti e delegati della Cisl hanno riflettuto sull\u2019urgenza di essere artigiani di pace, costruttori di una \u201cpace disarmata e disarmante, umile e perseverante\u201d che nasce dalle comunit\u00e0 e dalle scuole, dai giovani e dal lavoro.<\/p>\n<p><em>\u201cOggi, di fronte a guerre e v<a href=\"https:\/\/www.firstcisl.it\/calabria\/wp-content\/uploads\/sites\/48\/2025\/11\/WhatsApp-Image-2025-11-07-at-19.32.41.jpeg\" target=\"_blank\" rel=\"noopener\"><img loading=\"lazy\" decoding=\"async\" class=\"alignright wp-image-2996 size-medium\" src=\"https:\/\/www.firstcisl.it\/calabria\/wp-content\/uploads\/sites\/48\/2025\/11\/WhatsApp-Image-2025-11-07-at-19.32.41-213x300.jpeg\" alt=\"\" width=\"213\" height=\"300\" srcset=\"https:\/\/www.firstcisl.it\/calabria\/wp-content\/uploads\/sites\/48\/2025\/11\/WhatsApp-Image-2025-11-07-at-19.32.41-213x300.jpeg 213w, https:\/\/www.firstcisl.it\/calabria\/wp-content\/uploads\/sites\/48\/2025\/11\/WhatsApp-Image-2025-11-07-at-19.32.41-728x1024.jpeg 728w, https:\/\/www.firstcisl.it\/calabria\/wp-content\/uploads\/sites\/48\/2025\/11\/WhatsApp-Image-2025-11-07-at-19.32.41-768x1080.jpeg 768w, https:\/\/www.firstcisl.it\/calabria\/wp-content\/uploads\/sites\/48\/2025\/11\/WhatsApp-Image-2025-11-07-at-19.32.41.jpeg 907w\" sizes=\"auto, (max-width: 213px) 100vw, 213px\" \/><\/a>iolenze, la Cisl sceglie di mobilitarsi per dire no ad ogni conflitto <\/em>&#8211; ha detto nel suo intervento il Segretario generale <strong>Cisl Calabria<\/strong>, <strong>Giuseppe Lavia<\/strong>\u00a0&#8211;<em> attraverso la Maratona per la Pace e tramite azioni concrete, come la raccolta fondi per la popolazione di Gaza. In un contesto di guerra mondiale a pezzi, un mondo dove le alleanze si sgretolano e i conflitti si moltiplicano, il prezzo, umano ed economico, lo pagano soprattutto i pi\u00f9 vulnerabili. Come Cisl vogliamo tessere fili dell\u2019ascolto e del dialogo, perch\u00e9 anche i nemici possano riconciliarsi, per contribuire, come scriveva Giorgio La Pira, ad una storia diversa del mondo, la storia dell\u2019et\u00e0 negoziale.\u201d<\/em><\/p>\n<p>Nutrita anche la partecipazione di <strong>First Cisl Calabria<\/strong>, guidata dal Segretario generale, <strong>Felice Simeone<\/strong>, insieme ad una delegazione di segretari e dirigenti sindacali regionali e territoriali provenienti da tutta la regione.<\/p>\n<p><em>\u201cFirst Cisl Calabria rinnova il proprio impegno per la pace\u00a0partecipando con convinzione alla Maratona della Pace promossa dalla Cisl Calabria <\/em>&#8211; ha dichiarato in una nota Felice Simeone<em>. La Maratona della Pace non \u00e8 solo un evento simbolico, ma un invito concreto a ciascuno di noi a fare la propria parte.<\/em> <em>Le immagini che scorrono ogni giorno sotto i nostri occhi di citt\u00e0 distrutte, bambini e donne ferite, non possono lasciarci indifferenti. A pagare il prezzo pi\u00f9 alto sono sempre i pi\u00f9 deboli. <\/em><br \/>\n<em>La Maratona della Pace rappresenta un momento di comunit\u00e0, di confronto, di speranza. Un\u2019occasione per ricordare che la pace non \u00e8 un sogno lontano e che inizia da ciascuno di noi, dai nostri gesti quotidiani, dalle nostre scelte, dalla nostra voce.<\/em><br \/>\n<em>First Cisl Calabria invita tutte le lavoratrici e i lavoratori a unirsi a questo cammino. Perch\u00e9 ogni passo conta. Perch\u00e9 la pace si costruisce insieme.\u201d<\/em><\/p>\n<p>&nbsp;<\/p>\n<div class=\"gsp_post_data\" \r\n\t            data-post_type=\"post\" \r\n\t            data-cat=\"in-primo-piano,incontri\" \r\n\t            data-modified=\"120\"\r\n\t            data-created=\"1762547659\"\r\n\t            data-title=\"First Cisl Calabria \u201ccorre per la pace\u201d insieme alla Cisl Calabria\" \r\n\t            data-home=\"https:\/\/www.firstcisl.it\/calabria\"><\/div>","protected":false},"excerpt":{"rendered":"<p>Si \u00e8 svolta oggi a Pizzo, presso l\u2019Istituto Tecnico Nautico, la tappa calabrese della Maratona della Pace, una catena di iniziative promosse dalla Cisl che ha toccato tutte le regioni italiane e che si concluder\u00e0 a Roma con la grande Assemblea Nazionale del 15 novembre. In un\u2019aula magna gremita, studenti, dirigenti e delegati della Cisl [&hellip;]<\/p>\n","protected":false},"author":66,"featured_media":2997,"comment_status":"closed","ping_status":"closed","sticky":false,"template":"","format":"standard","meta":{"footnotes":""},"categories":[4,59],"tags":[204,169,156,315],"class_list":["post-2995","post","type-post","status-publish","format-standard","has-post-thumbnail","hentry","category-in-primo-piano","category-incontri","tag-felice-simeone","tag-first-cisl-calabria","tag-giuseppe-lavia","tag-maratona-della-pace"],"_links":{"self":[{"href":"https:\/\/www.firstcisl.it\/calabria\/wp-json\/wp\/v2\/posts\/2995","targetHints":{"allow":["GET"]}}],"collection":[{"href":"https:\/\/www.firstcisl.it\/calabria\/wp-json\/wp\/v2\/posts"}],"about":[{"href":"https:\/\/www.firstcisl.it\/calabria\/wp-json\/wp\/v2\/types\/post"}],"author":[{"embeddable":true,"href":"https:\/\/www.firstcisl.it\/calabria\/wp-json\/wp\/v2\/users\/66"}],"replies":[{"embeddable":true,"href":"https:\/\/www.firstcisl.it\/calabria\/wp-json\/wp\/v2\/comments?post=2995"}],"version-history":[{"count":4,"href":"https:\/\/www.firstcisl.it\/calabria\/wp-json\/wp\/v2\/posts\/2995\/revisions"}],"predecessor-version":[{"id":3001,"href":"https:\/\/www.firstcisl.it\/calabria\/wp-json\/wp\/v2\/posts\/2995\/revisions\/3001"}],"wp:featuredmedia":[{"embeddable":true,"href":"https:\/\/www.firstcisl.it\/calabria\/wp-json\/wp\/v2\/media\/2997"}],"wp:attachment":[{"href":"https:\/\/www.firstcisl.it\/calabria\/wp-json\/wp\/v2\/media?parent=2995"}],"wp:term":[{"taxonomy":"category","embeddable":true,"href":"https:\/\/www.firstcisl.it\/calabria\/wp-json\/wp\/v2\/categories?post=2995"},{"taxonomy":"post_tag","embeddable":true,"href":"https:\/\/www.firstcisl.it\/calabria\/wp-json\/wp\/v2\/tags?post=2995"}],"curies":[{"name":"wp","href":"https:\/\/api.w.org\/{rel}","templated":true}]}}