{"id":2965,"date":"2025-04-11T07:55:09","date_gmt":"2025-04-11T05:55:09","guid":{"rendered":"https:\/\/www.firstcisl.it\/calabria\/?p=2965"},"modified":"2025-04-11T12:53:28","modified_gmt":"2025-04-11T10:53:28","slug":"ader-individuata-a-catanzaro-la-nuova-sede-i-sindacati-chiedono-limmediata-sospensione-della-procedura-di-locazione","status":"publish","type":"post","link":"https:\/\/www.firstcisl.it\/calabria\/2025\/04\/11\/ader-individuata-a-catanzaro-la-nuova-sede-i-sindacati-chiedono-limmediata-sospensione-della-procedura-di-locazione\/","title":{"rendered":"Ader Calabria, individuata a Catanzaro la nuova sede: i sindacati chiedono l\u2019immediata sospensione della procedura di locazione"},"content":{"rendered":"<h4 style=\"text-align: center\">Comunicato unitario ai lavoratori di Agenzia delle Entrate Riscossione<\/h4>\n<p>I Coordinamenti delle organizzazioni sindacali della Calabria e le Rappresentanze sindacali aziendali (Rsa) della provincia di Catanzaro, denunciano, per gravi motivi di sicurezza, l\u2019individuazione della nuova sede della citt\u00e0 capoluogo di regione nell\u2019immobile di Via Mol\u00e8.<\/p>\n<p>I locali, decentrati rispetto a tutti gli uffici del capoluogo (Agenzia delle Entrate, Tribunale ed altri enti), non sono serviti adeguatamente da mezzi pubblici e sono collocati in zona isolata per met\u00e0 a ridosso di una montagna gi\u00e0 attenzionata da criticit\u00e0 idrogeologiche importanti.<\/p>\n<p>La \u201csemplice\u201d visione delle mappe di Google, cos\u00ec come il reperimento di \u201csemplici\u201d informative avrebbe messo in evidenza le varie criticit\u00e0.<\/p>\n<p>Sorprende, tra l\u2019altro, come sia stato completamente ignorata la presenza di campi \u201crom\u201d come quello di Via Lucrezia della Valle nelle immediate vicinanze ben noto alle forze dell\u2019ordine ed alla Procura della Repubblica con denunce ed inchieste su furti, estorsioni e incendi dolosi che hanno riempito le cronache.<\/p>\n<p>Si fa presente che gi\u00e0 un anno fa in pi\u00f9 sedi e non solo da parte sindacale, sono state segnalate le criticit\u00e0 che rendevano, assolutamente inadeguata, la scelta della struttura sia dal punto di vista logistico che di sicurezza.<\/p>\n<p>Chiediamo, pertanto, l\u2019immediata sospensione della procedura di locazione ed un incontro urgente con tutti i soggetti aziendali coinvolti al fine di conoscere con chiarezza, anche attraverso documentazione, i passaggi e le modalit\u00e0 che hanno portato all\u2019individuazione dell\u2019immobile.<\/p>\n<p><em>Catanzaro, 9 aprile 2025<\/em><\/p>\n<p style=\"text-align: center\"><strong>I Coordinamenti sindacali della Calabria e le Rsa di Catanzaro Agenzia Entrate-Riscossione di<\/strong><br \/>\n<strong>Fabi &#8211; First Cisl &#8211; Fisac Cgil &#8211; Uilca &#8211; Unisin<\/strong><\/p>\n<hr \/>\n<p><a href=\"https:\/\/www.firstcisl.it\/calabria\/wp-content\/uploads\/sites\/48\/2025\/04\/Comunicato-09.04.2025-CZ.pdf\" target=\"_blank\" rel=\"noopener\"><strong>Il comunicato sindacale\u00a0<\/strong><\/a><\/p>\n<div class=\"gsp_post_data\" \r\n\t            data-post_type=\"post\" \r\n\t            data-cat=\"ader\" \r\n\t            data-modified=\"120\"\r\n\t            data-created=\"1744358109\"\r\n\t            data-title=\"Ader Calabria, individuata a Catanzaro la nuova sede: i sindacati chiedono l\u2019immediata sospensione della procedura di locazione\" \r\n\t            data-home=\"https:\/\/www.firstcisl.it\/calabria\"><\/div>","protected":false},"excerpt":{"rendered":"<p>Comunicato unitario ai lavoratori di Agenzia delle Entrate Riscossione I Coordinamenti delle organizzazioni sindacali della Calabria e le Rappresentanze sindacali aziendali (Rsa) della provincia di Catanzaro, denunciano, per gravi motivi di sicurezza, l\u2019individuazione della nuova sede della citt\u00e0 capoluogo di regione nell\u2019immobile di Via Mol\u00e8. I locali, decentrati rispetto a tutti gli uffici del capoluogo [&hellip;]<\/p>\n","protected":false},"author":66,"featured_media":2158,"comment_status":"closed","ping_status":"closed","sticky":false,"template":"","format":"standard","meta":{"footnotes":""},"categories":[148],"tags":[149,311,169],"class_list":["post-2965","post","type-post","status-publish","format-standard","has-post-thumbnail","hentry","category-ader","tag-ader","tag-comunicati-stampa","tag-first-cisl-calabria"],"_links":{"self":[{"href":"https:\/\/www.firstcisl.it\/calabria\/wp-json\/wp\/v2\/posts\/2965","targetHints":{"allow":["GET"]}}],"collection":[{"href":"https:\/\/www.firstcisl.it\/calabria\/wp-json\/wp\/v2\/posts"}],"about":[{"href":"https:\/\/www.firstcisl.it\/calabria\/wp-json\/wp\/v2\/types\/post"}],"author":[{"embeddable":true,"href":"https:\/\/www.firstcisl.it\/calabria\/wp-json\/wp\/v2\/users\/66"}],"replies":[{"embeddable":true,"href":"https:\/\/www.firstcisl.it\/calabria\/wp-json\/wp\/v2\/comments?post=2965"}],"version-history":[{"count":3,"href":"https:\/\/www.firstcisl.it\/calabria\/wp-json\/wp\/v2\/posts\/2965\/revisions"}],"predecessor-version":[{"id":2969,"href":"https:\/\/www.firstcisl.it\/calabria\/wp-json\/wp\/v2\/posts\/2965\/revisions\/2969"}],"wp:featuredmedia":[{"embeddable":true,"href":"https:\/\/www.firstcisl.it\/calabria\/wp-json\/wp\/v2\/media\/2158"}],"wp:attachment":[{"href":"https:\/\/www.firstcisl.it\/calabria\/wp-json\/wp\/v2\/media?parent=2965"}],"wp:term":[{"taxonomy":"category","embeddable":true,"href":"https:\/\/www.firstcisl.it\/calabria\/wp-json\/wp\/v2\/categories?post=2965"},{"taxonomy":"post_tag","embeddable":true,"href":"https:\/\/www.firstcisl.it\/calabria\/wp-json\/wp\/v2\/tags?post=2965"}],"curies":[{"name":"wp","href":"https:\/\/api.w.org\/{rel}","templated":true}]}}