{"id":2602,"date":"2023-11-16T14:15:14","date_gmt":"2023-11-16T13:15:14","guid":{"rendered":"https:\/\/www.firstcisl.it\/calabria\/?p=2602"},"modified":"2023-11-16T15:55:35","modified_gmt":"2023-11-16T14:55:35","slug":"assemblea-nazionale-organizzativa-dalla-calabria-un-contributo-di-professionalita-e-passione","status":"publish","type":"post","link":"https:\/\/www.firstcisl.it\/calabria\/2023\/11\/16\/assemblea-nazionale-organizzativa-dalla-calabria-un-contributo-di-professionalita-e-passione\/","title":{"rendered":"Assemblea nazionale organizzativa: dalla Calabria un contributo di professionalit\u00e0 e passione"},"content":{"rendered":"<p>Il 14 e il 15 novembre si \u00e8 svolta a Roma, presso l&#8217;Ergife Palace Hotel, l\u2019Assemblea nazionale organizzativa di First Cisl dal titolo <a href=\"https:\/\/www.firstcisl.it\/assemblea-nazionale-organizzativa-first-cisl\/\" target=\"_blank\" rel=\"noopener\"><strong>\u201cLo sviluppo delle persone \u00e8 linfa del cambiamento necessario\u201d<\/strong><\/a>.<\/p>\n<p>Un evento molto partecipato, focalizzato sui temi della rappresentanza, delle leve della formazione e comunicazione e del ricambio generazionale della classe dirigente. Vi hanno preso parte numerosi dirigenti sindacali della regione Calabria, fra cui i partecipanti al progetto giovani <a href=\"https:\/\/www.firstcisl.it\/generazionefuturo\/\" target=\"_blank\" rel=\"noopener\"><strong>\u201cGenerazione Futuro\u201d<\/strong><\/a>, contribuendo con entusiasmo e competenza.<\/p>\n<p>Guidati dal reggente First Cisl Calabria, Giovanni Gattuso, hanno partecipato ai lavori (in ordine alfabetico): Giuseppe Cadile, Oscar Caracciolo, Matteo Cristofalo, Danilo De Rango, Paolo Gallo, Manuela Iann\u00f2, Paola Petronio, Marco Piccolo, Vincenza Sculco ed Emilio Verrengia.<\/p>\n<p>Il tema del ricambio generazionale si \u00e8 tradotto con l\u2019intenzione della Segreteria nazionale di costituire una scuola sindacale che abbia l\u2019obiettivo di preparare un terreno fertile nel quale coltivare i dirigenti sindacali del futuro.<\/p>\n<p>\u201cCredo che sia necessario creare nei giovani la vocazione al sindacato, nella consapevolezza che questa \u00e8 una strada che richiede tanti sacrifici\u201d ha detto nel suo intervento <strong>Giovanni Gattuso<\/strong>. \u201cBen venga quindi la nuova scuola sindacale \u2013 ha proseguito \u2013 che dovr\u00e0 coinvolgere donne e uomini di qualit\u00e0 puntando sul criterio della meritocrazia. Solo cos\u00ec potremo trasmettere autorevolmente la necessaria passione alle prossime generazioni di dirigenti sindacali. Come regione Calabria siamo gi\u00e0 impegnati nel cambiamento generazionale, testimoniato da tanti giovani dirigenti calabresi che ricoprono incarichi nelle strutture, nei dipartimenti e nelle segreterie a tutti i livelli.\u201d<\/p>\n<p>&nbsp;<\/p>\n<p><a href=\"https:\/\/www.firstcisl.it\/calabria\/wp-content\/uploads\/sites\/48\/2023\/11\/giovanni-gattuso-first-cisl-calabria-assemblea-organizzativa-nazionale-2023.png\"><img loading=\"lazy\" decoding=\"async\" class=\"alignleft wp-image-2605 size-medium\" src=\"https:\/\/www.firstcisl.it\/calabria\/wp-content\/uploads\/sites\/48\/2023\/11\/giovanni-gattuso-first-cisl-calabria-assemblea-organizzativa-nazionale-2023-e1700136445861-300x174.png\" alt=\"\" width=\"300\" height=\"174\" srcset=\"https:\/\/www.firstcisl.it\/calabria\/wp-content\/uploads\/sites\/48\/2023\/11\/giovanni-gattuso-first-cisl-calabria-assemblea-organizzativa-nazionale-2023-e1700136445861-300x174.png 300w, https:\/\/www.firstcisl.it\/calabria\/wp-content\/uploads\/sites\/48\/2023\/11\/giovanni-gattuso-first-cisl-calabria-assemblea-organizzativa-nazionale-2023-e1700136445861-1024x594.png 1024w, https:\/\/www.firstcisl.it\/calabria\/wp-content\/uploads\/sites\/48\/2023\/11\/giovanni-gattuso-first-cisl-calabria-assemblea-organizzativa-nazionale-2023-e1700136445861-768x445.png 768w, https:\/\/www.firstcisl.it\/calabria\/wp-content\/uploads\/sites\/48\/2023\/11\/giovanni-gattuso-first-cisl-calabria-assemblea-organizzativa-nazionale-2023-e1700136445861-1536x891.png 1536w, https:\/\/www.firstcisl.it\/calabria\/wp-content\/uploads\/sites\/48\/2023\/11\/giovanni-gattuso-first-cisl-calabria-assemblea-organizzativa-nazionale-2023-e1700136445861.png 1976w\" sizes=\"auto, (max-width: 300px) 100vw, 300px\" \/><\/a> \u201cLa comunicazione, accanto alla formazione, dovr\u00e0 essere sempre di pi\u00f9 una leva fondamentale della nostra organizzazione \u2013 ha aggiunto Gattuso \u2013 perch\u00e9 oggi c\u2019\u00e8 sempre pi\u00f9 bisogno di trasmettere in modo semplice, moderno e immediato i contenuti della nostra azione sindacale agli associati. La nuova app e il nuovo \u2018vorrei sapere\u2019 in formato digitale \u2013 ha concluso Gattuso \u2013 saranno quindi degli strumenti particolarmente validi e come sempre apprezzati non solo dai nostri iscritti, ma da tutte le lavoratrici e i lavoratori, un\u2019ottima occasione di proselitismo.\u201d<\/p>\n<div class=\"gsp_post_data\" \r\n\t            data-post_type=\"post\" \r\n\t            data-cat=\"in-primo-piano\" \r\n\t            data-modified=\"120\"\r\n\t            data-created=\"1700144114\"\r\n\t            data-title=\"Assemblea nazionale organizzativa: dalla Calabria un contributo di professionalit\u00e0 e passione\" \r\n\t            data-home=\"https:\/\/www.firstcisl.it\/calabria\"><\/div>","protected":false},"excerpt":{"rendered":"<p>Il 14 e il 15 novembre si \u00e8 svolta a Roma, presso l&#8217;Ergife Palace Hotel, l\u2019Assemblea nazionale organizzativa di First Cisl dal titolo \u201cLo sviluppo delle persone \u00e8 linfa del cambiamento necessario\u201d. Un evento molto partecipato, focalizzato sui temi della rappresentanza, delle leve della formazione e comunicazione e del ricambio generazionale della classe dirigente. Vi [&hellip;]<\/p>\n","protected":false},"author":66,"featured_media":2603,"comment_status":"closed","ping_status":"closed","sticky":false,"template":"","format":"standard","meta":{"footnotes":""},"categories":[4],"tags":[237,238,219,145,169,95,221,130,160,166,140,177,217,143,154],"class_list":["post-2602","post","type-post","status-publish","format-standard","has-post-thumbnail","hentry","category-in-primo-piano","tag-assemblea-nazionale-organizzativa","tag-comunicazione","tag-danilo-de-rango","tag-emilio-verrengia","tag-first-cisl-calabria","tag-formazione","tag-generazione-futuro","tag-giovanni-gattuso","tag-giuseppe-cadile","tag-manuela-ianno","tag-marco-piccolo","tag-matteo-cristofalo","tag-paola-petronio","tag-paolo-gallo","tag-vincenza-sculco"],"_links":{"self":[{"href":"https:\/\/www.firstcisl.it\/calabria\/wp-json\/wp\/v2\/posts\/2602","targetHints":{"allow":["GET"]}}],"collection":[{"href":"https:\/\/www.firstcisl.it\/calabria\/wp-json\/wp\/v2\/posts"}],"about":[{"href":"https:\/\/www.firstcisl.it\/calabria\/wp-json\/wp\/v2\/types\/post"}],"author":[{"embeddable":true,"href":"https:\/\/www.firstcisl.it\/calabria\/wp-json\/wp\/v2\/users\/66"}],"replies":[{"embeddable":true,"href":"https:\/\/www.firstcisl.it\/calabria\/wp-json\/wp\/v2\/comments?post=2602"}],"version-history":[{"count":5,"href":"https:\/\/www.firstcisl.it\/calabria\/wp-json\/wp\/v2\/posts\/2602\/revisions"}],"predecessor-version":[{"id":2610,"href":"https:\/\/www.firstcisl.it\/calabria\/wp-json\/wp\/v2\/posts\/2602\/revisions\/2610"}],"wp:featuredmedia":[{"embeddable":true,"href":"https:\/\/www.firstcisl.it\/calabria\/wp-json\/wp\/v2\/media\/2603"}],"wp:attachment":[{"href":"https:\/\/www.firstcisl.it\/calabria\/wp-json\/wp\/v2\/media?parent=2602"}],"wp:term":[{"taxonomy":"category","embeddable":true,"href":"https:\/\/www.firstcisl.it\/calabria\/wp-json\/wp\/v2\/categories?post=2602"},{"taxonomy":"post_tag","embeddable":true,"href":"https:\/\/www.firstcisl.it\/calabria\/wp-json\/wp\/v2\/tags?post=2602"}],"curies":[{"name":"wp","href":"https:\/\/api.w.org\/{rel}","templated":true}]}}