{"id":2078,"date":"2021-10-19T09:43:30","date_gmt":"2021-10-19T07:43:30","guid":{"rendered":"https:\/\/www.firstcisl.it\/calabria\/?p=2078"},"modified":"2021-11-04T14:51:43","modified_gmt":"2021-11-04T13:51:43","slug":"bper-banca-al-via-i-precongressi-in-calabria","status":"publish","type":"post","link":"https:\/\/www.firstcisl.it\/calabria\/2021\/10\/19\/bper-banca-al-via-i-precongressi-in-calabria\/","title":{"rendered":"Bper Banca, al via i precongressi in Calabria"},"content":{"rendered":"<p>Inizia la\u00a0<a href=\"https:\/\/www.firstcisl.it\/calabria\/2021\/09\/17\/al-via-la-stagione-congressuale-della-first-cisl-calabria\/\" target=\"_blank\" rel=\"noopener noreferrer\">fase congressuale di First Cisl Calabria<\/a>\u00a0coi pre-congressi sui luoghi di lavoro, durante i quali i lavoratori sono chiamati ad eleggere i delegati che parteciperanno con diritto di voto ai congressi di tutti i livelli della nostra organizzazione.<\/p>\n<p><strong>First Cisl Bper Banca<\/strong>, dopo i direttivi di approvazione dei regolamenti aziendali e di gruppo, avvia questa fase in Calabria con una serie di assemblee organizzate nelle principali aree territoriali.<\/p>\n<p>Oltre agli adempimenti previsti per i congressi, le assemblee sono anche l\u2019occasione per fare il punto della situazione politico-sindacale ed in particolare delle trattative in essere e delle sfide che ci attendono nel il prossimo futuro.<\/p>\n<p>Il primo pre-congresso si \u00e8 tenuto il 18\/10 a <strong>Catanzaro<\/strong> e ha visto la partecipazione attiva di molti colleghi.<\/p>\n<p>L\u2019assemblea \u00e8 stata presieduta da <strong>Emilio Verrengia<\/strong>, Segretario Rsa di Catanzaro, e soprattutto Segretario Responsabile della Sas Gruppo Bper Banca, il quale ha illustrato la \u201cManova sul Personale 2022-2024\u201d, con la quale l\u2019Azienda intenderebbe operare un ricambio generazionale mediante attivazione del Fondo di Solidariet\u00e0, e la procedura di chiusura di 104 sportelli a livello nazionale, di cui otto in Calabria.<\/p>\n<p><em>\u201cLa manovra sul personale non chiarisce le percentuali di assunzioni che verrebbero realizzate rispetto alle uscite <\/em>&#8211; ha detto Verrengia &#8211;<em> e soprattutto la corrispondenza del turnover a livello territoriale.<\/em><\/p>\n<p><em>Il nostro obiettivo come First Cisl \u00e8 evitare la desertificazione dei territori e delle professionalit\u00e0, evitando la perdita netta e assoluta di postazioni lavorative in una regione che non pu\u00f2 assolutamente permetterselo.<span class=\"Apple-converted-space\">\u00a0<\/span><\/em><\/p>\n<p><em>Gli esuberi rinvenimenti dall\u2019istituzione dei centri imprese, cos\u00ec come le annunciate riorganizzazioni del semicentro rischiano di creare problematiche importanti di mobilit\u00e0 territoriale e professionale dei lavoratori, rispetto alle quali annunciamo fin d\u2019ora che daremo battaglia ai tavoli non escludendo iniziative di vera e propria mobilitazione.\u201d<\/em><\/p>\n<p>Ha partecipato all\u2019assemblea anche <strong>Marco Piccolo<\/strong>, Coordinatore per la DR Calabria Sicilia, il quale ha illustrato alcuni dei punti chiave sulle trattative in corso per l\u2019armonizzazione degli istituti contrattuali (ristori), previdenziali e assicurativi fra Bper Banca e le realt\u00e0 incorporate negli ultimi anni, in particolare Unipol Banca ed Isp (ex Ubi).<span class=\"Apple-converted-space\"><br \/>\n<\/span><span class=\"Apple-converted-space\">Ha inoltre relazionato sulla ripresa delle attivit\u00e0 del <a href=\"https:\/\/www.firstcisl.it\/bperbanca\/home\/chi-siamo\/coordinatori-dei-comitati-territoriali-di-bper-banca\/\" target=\"_blank\" rel=\"noopener noreferrer\">Comitato Territoriale Area Sud<\/a> che ha richiesto incontro ex art. 13 all&#8217;Azienda sul tema degli organici.\u00a0<\/span><\/p>\n<p><strong>Le prossime assemblee pre-congressuali si terranno:<\/strong><\/p>\n<ul>\n<li>Reggio Calabria: 25 ottobre;<\/li>\n<li>Crotone: 28 ottobre;<\/li>\n<li>Corigliano Calabro: 8 novembre;<\/li>\n<li>Vibo Valentia: 11 novembre <em>(da confermare)<\/em>;<\/li>\n<li>Cosenza: 12 novembre;<\/li>\n<li>Gioia Tauro: 15 novembre <em>(da confermare).<\/em><\/li>\n<\/ul>\n<p><em>Per maggiori informazioni sulle modalit\u00e0 di svolgimento \u00e8 possibile contattare il <a href=\"https:\/\/www.firstcisl.it\/bperbanca\/home\/chi-siamo\/organo-di-coordinamento\/\" target=\"_blank\" rel=\"noopener noreferrer\">Segretario Rsa di riferimento<\/a>.<\/em><\/p>\n<div class=\"gsp_post_data\" \r\n\t            data-post_type=\"post\" \r\n\t            data-cat=\"adessocongresso\" \r\n\t            data-modified=\"120\"\r\n\t            data-created=\"1634636610\"\r\n\t            data-title=\"Bper Banca, al via i precongressi in Calabria\" \r\n\t            data-home=\"https:\/\/www.firstcisl.it\/calabria\"><\/div>","protected":false},"excerpt":{"rendered":"<p>Inizia la\u00a0fase congressuale di First Cisl Calabria\u00a0coi pre-congressi sui luoghi di lavoro, durante i quali i lavoratori sono chiamati ad eleggere i delegati che parteciperanno con diritto di voto ai congressi di tutti i livelli della nostra organizzazione. First Cisl Bper Banca, dopo i direttivi di approvazione dei regolamenti aziendali e di gruppo, avvia questa [&hellip;]<\/p>\n","protected":false},"author":66,"featured_media":2079,"comment_status":"closed","ping_status":"closed","sticky":false,"template":"","format":"standard","meta":{"footnotes":""},"categories":[141],"tags":[66,145,140,144],"class_list":["post-2078","post","type-post","status-publish","format-standard","has-post-thumbnail","hentry","category-adessocongresso","tag-bper-banca","tag-emilio-verrengia","tag-marco-piccolo","tag-pre-congressi"],"_links":{"self":[{"href":"https:\/\/www.firstcisl.it\/calabria\/wp-json\/wp\/v2\/posts\/2078","targetHints":{"allow":["GET"]}}],"collection":[{"href":"https:\/\/www.firstcisl.it\/calabria\/wp-json\/wp\/v2\/posts"}],"about":[{"href":"https:\/\/www.firstcisl.it\/calabria\/wp-json\/wp\/v2\/types\/post"}],"author":[{"embeddable":true,"href":"https:\/\/www.firstcisl.it\/calabria\/wp-json\/wp\/v2\/users\/66"}],"replies":[{"embeddable":true,"href":"https:\/\/www.firstcisl.it\/calabria\/wp-json\/wp\/v2\/comments?post=2078"}],"version-history":[{"count":8,"href":"https:\/\/www.firstcisl.it\/calabria\/wp-json\/wp\/v2\/posts\/2078\/revisions"}],"predecessor-version":[{"id":2098,"href":"https:\/\/www.firstcisl.it\/calabria\/wp-json\/wp\/v2\/posts\/2078\/revisions\/2098"}],"wp:featuredmedia":[{"embeddable":true,"href":"https:\/\/www.firstcisl.it\/calabria\/wp-json\/wp\/v2\/media\/2079"}],"wp:attachment":[{"href":"https:\/\/www.firstcisl.it\/calabria\/wp-json\/wp\/v2\/media?parent=2078"}],"wp:term":[{"taxonomy":"category","embeddable":true,"href":"https:\/\/www.firstcisl.it\/calabria\/wp-json\/wp\/v2\/categories?post=2078"},{"taxonomy":"post_tag","embeddable":true,"href":"https:\/\/www.firstcisl.it\/calabria\/wp-json\/wp\/v2\/tags?post=2078"}],"curies":[{"name":"wp","href":"https:\/\/api.w.org\/{rel}","templated":true}]}}