{"id":1898,"date":"2020-11-19T18:02:59","date_gmt":"2020-11-19T17:02:59","guid":{"rendered":"https:\/\/www.firstcisl.it\/calabria\/?p=1898"},"modified":"2020-11-20T19:18:34","modified_gmt":"2020-11-20T18:18:34","slug":"vincenza-sculco-e-la-nuova-segretaria-generale-della-first-magna-graecia","status":"publish","type":"post","link":"https:\/\/www.firstcisl.it\/calabria\/2020\/11\/19\/vincenza-sculco-e-la-nuova-segretaria-generale-della-first-magna-graecia\/","title":{"rendered":"Vincenza Sculco \u00e8 la nuova Segretaria Generale della First Magna Graecia"},"content":{"rendered":"<p>Nella giornata di oggi si \u00e8 tenuto, in modalit\u00e0 remota, il direttivo del <strong>Comprensorio &#8220;Magna Graecia&#8221;<\/strong>.<\/p>\n<p>Erano presenti, oltre ai componenti della segreteria territoriale, anche il Segretario Regionale della FIRST Calabria, <strong>Giovanni Gattuso<\/strong>, ed il coordinatore nazionale con delega al Gruppo Bper, <strong>Mario Garcea<\/strong>.<\/p>\n<p>Il Direttivo \u00e8 stato chiamato ad eleggere la nuova segreteria, a seguito delle dimissioni di Emilio Verrengia dalla carica di segretario territoriale, per incompatibilit\u00e0 dacch\u00e9 \u00e8 stato <a href=\"https:\/\/www.firstcisl.it\/calabria\/2020\/07\/02\/il-calabrese-emilio-verrengia-e-il-nuovo-segretario-responsabile-del-gruppo-bper\/\" target=\"_blank\" rel=\"noopener noreferrer\">eletto segretario generale del Gruppo Bper<\/a>\u00a0.<\/p>\n<p>L&#8217;assemblea ha eletta quale nuova segretaria responsabile, <strong>Vincenza (Cinzia) Sculco<\/strong> di BPER Banca, gi\u00e0 componente della segreteria regionale.<\/p>\n<p>Ad affiancarla sono stati eletti, <strong>Emilio Verrengia<\/strong>, quale segretario aggiunto, e <strong>Marco Gioia<\/strong>.<\/p>\n<p>Un grosso in bocca al lupo alla nuova segreteria ed in particolare alla nuova segretaria!<\/p>\n<div class=\"gsp_post_data\" \r\n\t            data-post_type=\"post\" \r\n\t            data-cat=\"in-primo-piano\" \r\n\t            data-modified=\"120\"\r\n\t            data-created=\"1605808979\"\r\n\t            data-title=\"Vincenza Sculco \u00e8 la nuova Segretaria Generale della First Magna Graecia\" \r\n\t            data-home=\"https:\/\/www.firstcisl.it\/calabria\"><\/div>","protected":false},"excerpt":{"rendered":"<p>Nella giornata di oggi si \u00e8 tenuto, in modalit\u00e0 remota, il direttivo del Comprensorio &#8220;Magna Graecia&#8221;. Erano presenti, oltre ai componenti della segreteria territoriale, anche il Segretario Regionale della FIRST Calabria, Giovanni Gattuso, ed il coordinatore nazionale con delega al Gruppo Bper, Mario Garcea. Il Direttivo \u00e8 stato chiamato ad eleggere la nuova segreteria, a [&hellip;]<\/p>\n","protected":false},"author":66,"featured_media":1900,"comment_status":"closed","ping_status":"closed","sticky":false,"template":"","format":"standard","meta":{"footnotes":""},"categories":[4],"tags":[126],"class_list":["post-1898","post","type-post","status-publish","format-standard","has-post-thumbnail","hentry","category-in-primo-piano","tag-comprensorio-magna-graecia"],"_links":{"self":[{"href":"https:\/\/www.firstcisl.it\/calabria\/wp-json\/wp\/v2\/posts\/1898","targetHints":{"allow":["GET"]}}],"collection":[{"href":"https:\/\/www.firstcisl.it\/calabria\/wp-json\/wp\/v2\/posts"}],"about":[{"href":"https:\/\/www.firstcisl.it\/calabria\/wp-json\/wp\/v2\/types\/post"}],"author":[{"embeddable":true,"href":"https:\/\/www.firstcisl.it\/calabria\/wp-json\/wp\/v2\/users\/66"}],"replies":[{"embeddable":true,"href":"https:\/\/www.firstcisl.it\/calabria\/wp-json\/wp\/v2\/comments?post=1898"}],"version-history":[{"count":4,"href":"https:\/\/www.firstcisl.it\/calabria\/wp-json\/wp\/v2\/posts\/1898\/revisions"}],"predecessor-version":[{"id":1903,"href":"https:\/\/www.firstcisl.it\/calabria\/wp-json\/wp\/v2\/posts\/1898\/revisions\/1903"}],"wp:featuredmedia":[{"embeddable":true,"href":"https:\/\/www.firstcisl.it\/calabria\/wp-json\/wp\/v2\/media\/1900"}],"wp:attachment":[{"href":"https:\/\/www.firstcisl.it\/calabria\/wp-json\/wp\/v2\/media?parent=1898"}],"wp:term":[{"taxonomy":"category","embeddable":true,"href":"https:\/\/www.firstcisl.it\/calabria\/wp-json\/wp\/v2\/categories?post=1898"},{"taxonomy":"post_tag","embeddable":true,"href":"https:\/\/www.firstcisl.it\/calabria\/wp-json\/wp\/v2\/tags?post=1898"}],"curies":[{"name":"wp","href":"https:\/\/api.w.org\/{rel}","templated":true}]}}