{"id":1675,"date":"2019-05-31T19:51:40","date_gmt":"2019-05-31T17:51:40","guid":{"rendered":"https:\/\/www.firstcisl.it\/calabria\/?p=1675"},"modified":"2019-05-31T19:51:47","modified_gmt":"2019-05-31T17:51:47","slug":"comunicato-unitario-sulla-situazione-del-settore-bancario-in-calabria","status":"publish","type":"post","link":"https:\/\/www.firstcisl.it\/calabria\/2019\/05\/31\/comunicato-unitario-sulla-situazione-del-settore-bancario-in-calabria\/","title":{"rendered":"Comunicato unitario sulla situazione del settore bancario in Calabria"},"content":{"rendered":"<div class=\"\">\n<div>\n<p><strong>COMUNICATO UNITARIO DELLE SEGRETERIE REGIONALI<\/strong><\/p>\n<\/div>\n<div class=\"_1mf _1mj\">Anche in Calabria sta per concludersi l\u2019impegnativa tornata assembleare per la votazione della piattaforma relativa al rinnovo del CCNL delle Lavoratrici e dei Lavoratori delle Banche.<\/div>\n<\/div>\n<div class=\"\">\n<div class=\"_1mf _1mj\"><\/div>\n<\/div>\n<div class=\"\">\n<div class=\"_1mf _1mj\">Massiccia finora la partecipazione ed altrettanto unanime il consenso di lavoratrici e lavoratori alla piattaforma; tante le assemblee sui luoghi di lavoro ed alcune di piazza, molto partecipate, con percentuali di favorevoli del 99%.<\/div>\n<\/div>\n<div class=\"\">\n<div class=\"_1mf _1mj\"><\/div>\n<\/div>\n<div class=\"\">\n<div class=\"_1mf _1mj\">Nel corso delle assemblee le OO.SS. del settore, oltre alla discussione ed al dibattito sulle materie proprie della piattaforma, hanno raccolto e verificato una serie di anomalie tipicamente territoriali, <strong>penalizzanti per le lavoratrici ed i lavoratori e che inevitabilmente si ripercuotono sui cittadini<\/strong> che si affidano ai servizi delle banche.<\/div>\n<\/div>\n<div class=\"\">\n<div class=\"_1mf _1mj\"><\/div>\n<\/div>\n<div class=\"\">\n<div class=\"_1mf _1mj\">Le OO.SS. Regionali di Categoria FABI &#8211; FIRST\\CISL &#8211; FISAC\\CGIL &#8211; UIL.CA e UNISIN denunciano la preoccupante situazione esistente nel settore bancario della Regione Calabria, a causa delle <strong>ricadute negative<\/strong> che i processi industriali gi\u00e0 avviati da tutte le aziende bancarie e tuttora in corso hanno riservato alle lavoratrici e lavoratori Calabresi, oltre che agli stessi clienti.<\/div>\n<\/div>\n<div class=\"\">\n<div class=\"_1mf _1mj\">Difatti, l&#8217;incessante processo di <strong>razionalizzazione degli sportelli<\/strong> messo in atto dagli Istituti di Credito, ha fatto registrare una vera e propria \u201cdesertificazione bancaria\u201d con la chiusura di un numero di filiali doppio rispetto al resto del territorio nazionale (9% Regionale a fronte del 4,5% Nazionale).<\/div>\n<\/div>\n<div class=\"\">\n<div class=\"_1mf _1mj\">In concreto, oggi <strong>vi sono citt\u00e0 in cui non \u00e8 pi\u00f9 presente alcuna banca<\/strong>.<\/div>\n<\/div>\n<div class=\"\">\n<div class=\"_1mf _1mj\">Altro elemento penalizzante per le famiglie, le imprese e gli Enti Calabresi \u00e8 quello relativo ai tassi praticati dalle Banche nella nostra Regione, dove il credito viene erogato a tassi notevolmente pi\u00f9 alti rispetto alle regioni del centro e del nord Italia, determinando cos\u00ec un<strong> pesante svantaggio competitivo<\/strong>.<\/div>\n<\/div>\n<div class=\"\">\n<div class=\"_1mf _1mj\"><\/div>\n<\/div>\n<div class=\"\">\n<div class=\"_1mf _1mj\">A peggiorare il quadro, laddove possibile, vi sono le <strong>scelte \u201caziendalmente miopi&#8221;<\/strong> della riduzione, se non in alcuni casi addirittura eliminazione, dell&#8217;attivit\u00e0 di sportello, questo in nome di una cd migrazione verso i cd canali alternativi, che rimane lontana sia dalla realt\u00e0 operativa quotidiana delle agenzie che del territorio, creando <strong>notevoli disagi a dipendenti e clienti<\/strong> (la prassi messa in atto da diversi Istituti di Credito di chiudere il servizio pomeridiano per quanto concerne l&#8217;operativit\u00e0 delle casse va in questa direzione).<\/div>\n<\/div>\n<div class=\"\">\n<div class=\"_1mf _1mj\"><\/div>\n<\/div>\n<div class=\"\">\n<div class=\"_1mf _1mj\">Tutto questo avviene all\u2019interno di <strong>piani industriali che puntano esclusivamente alla riduzione dei costi<\/strong>, che hanno avuto come effetto anche una riduzione del numero degli occupati nel settore bancario, con innumerevoli esodi a fronte dei quali \u2013 purtroppo \u2013 non si sono registrate nuove assunzioni di <strong>giovani al Sud<\/strong>, che avrebbero potuto garantire la turnazione nelle filiali; ma che ancor pi\u00f9 avrebbero potuto dare respiro ad un meridione in cui l\u2019inoccupazione \u00e8 arrivata ormai a livelli critici.<\/div>\n<\/div>\n<div class=\"\">\n<div class=\"_1mf _1mj\"><\/div>\n<\/div>\n<div class=\"\">\n<div class=\"_1mf _1mj\">Procedendo in questa direzione avremo sempre pi\u00f9 <strong>un Sud ed una Calabria spogliata<\/strong> dai giovani in favore di presidi collocati al Nord, oltre che un progressivo abbandono del territorio anche da parte delle aziende di credito che dovrebbero continuare a svolgere il loro ruolo per lo sviluppo e la crescita SANA del territorio stesso.<\/div>\n<\/div>\n<div class=\"\">\n<div class=\"_1mf _1mj\"><\/div>\n<\/div>\n<div class=\"\">\n<div class=\"_1mf _1mj\">I servizi bancari devono essere garantiti e l\u2019accesso al credito non pu\u00f2 essere negato o ostacolato, il rilancio del nostro territorio passa anche per questo strategico settore che nel contempo diventa anche l\u2019unico mezzo efficace di contrasto a forme di Credito illegali.<\/div>\n<\/div>\n<div class=\"\">\n<div class=\"_1mf _1mj\"><\/div>\n<\/div>\n<div class=\"\">\n<div class=\"_1mf _1mj\">Le OO.SS. invitano dunque i Prefetti, i Sindaci e il Presidente della Regione Calabria a concordare un incontro su tali problematiche che, per la riduzione o addirittura il venir meno di questi presidi, <strong>vede penalizzata ancora una volta la nostra Regione<\/strong>.<\/div>\n<\/div>\n<div class=\"_1mf _1mj\"><\/div>\n<div><\/div>\n<div class=\"\">\n<div class=\"_1mf _1mj\">Lamezia Terme, 31 maggio 2019<\/div>\n<\/div>\n<div class=\"\">\n<div class=\"_1mf _1mj\">Le Segreterie Regionali<\/div>\n<\/div>\n<div class=\"\"><\/div>\n<div class=\"gsp_post_data\" \r\n\t            data-post_type=\"post\" \r\n\t            data-cat=\"contrattazione\" \r\n\t            data-modified=\"120\"\r\n\t            data-created=\"1559332300\"\r\n\t            data-title=\"Comunicato unitario sulla situazione del settore bancario in Calabria\" \r\n\t            data-home=\"https:\/\/www.firstcisl.it\/calabria\"><\/div>","protected":false},"excerpt":{"rendered":"<p>COMUNICATO UNITARIO DELLE SEGRETERIE REGIONALI Anche in Calabria sta per concludersi l\u2019impegnativa tornata assembleare per la votazione della piattaforma relativa al rinnovo del CCNL delle Lavoratrici e dei Lavoratori delle Banche. Massiccia finora la partecipazione ed altrettanto unanime il consenso di lavoratrici e lavoratori alla piattaforma; tante le assemblee sui luoghi di lavoro ed alcune [&hellip;]<\/p>\n","protected":false},"author":66,"featured_media":1678,"comment_status":"closed","ping_status":"closed","sticky":false,"template":"","format":"standard","meta":{"footnotes":""},"categories":[6],"tags":[93,19,94],"class_list":["post-1675","post","type-post","status-publish","format-standard","has-post-thumbnail","hentry","category-contrattazione","tag-abi","tag-calabria","tag-first"],"_links":{"self":[{"href":"https:\/\/www.firstcisl.it\/calabria\/wp-json\/wp\/v2\/posts\/1675","targetHints":{"allow":["GET"]}}],"collection":[{"href":"https:\/\/www.firstcisl.it\/calabria\/wp-json\/wp\/v2\/posts"}],"about":[{"href":"https:\/\/www.firstcisl.it\/calabria\/wp-json\/wp\/v2\/types\/post"}],"author":[{"embeddable":true,"href":"https:\/\/www.firstcisl.it\/calabria\/wp-json\/wp\/v2\/users\/66"}],"replies":[{"embeddable":true,"href":"https:\/\/www.firstcisl.it\/calabria\/wp-json\/wp\/v2\/comments?post=1675"}],"version-history":[{"count":5,"href":"https:\/\/www.firstcisl.it\/calabria\/wp-json\/wp\/v2\/posts\/1675\/revisions"}],"predecessor-version":[{"id":1681,"href":"https:\/\/www.firstcisl.it\/calabria\/wp-json\/wp\/v2\/posts\/1675\/revisions\/1681"}],"wp:featuredmedia":[{"embeddable":true,"href":"https:\/\/www.firstcisl.it\/calabria\/wp-json\/wp\/v2\/media\/1678"}],"wp:attachment":[{"href":"https:\/\/www.firstcisl.it\/calabria\/wp-json\/wp\/v2\/media?parent=1675"}],"wp:term":[{"taxonomy":"category","embeddable":true,"href":"https:\/\/www.firstcisl.it\/calabria\/wp-json\/wp\/v2\/categories?post=1675"},{"taxonomy":"post_tag","embeddable":true,"href":"https:\/\/www.firstcisl.it\/calabria\/wp-json\/wp\/v2\/tags?post=1675"}],"curies":[{"name":"wp","href":"https:\/\/api.w.org\/{rel}","templated":true}]}}