{"id":5097,"date":"2026-04-30T14:01:49","date_gmt":"2026-04-30T12:01:49","guid":{"rendered":"https:\/\/www.firstcisl.it\/bancobpm\/?p=5097"},"modified":"2026-04-30T14:04:04","modified_gmt":"2026-04-30T12:04:04","slug":"incontro-di-trattativa-del-29-aprile-2026","status":"publish","type":"post","link":"https:\/\/www.firstcisl.it\/bancobpm\/2026\/04\/30\/incontro-di-trattativa-del-29-aprile-2026\/","title":{"rendered":"Incontro di trattativa del 29 aprile 2026"},"content":{"rendered":"<p>Nella giornata di mercoled\u00ec 29 aprile 2026 si \u00e8 svolto il periodico incontro di trattativa con l&#8217;Azienda per dare seguito ai numerosi temi aperti e ricevere gli aggiornamenti richiesti nelle precedenti sessioni.<\/p>\n<p>Di seguito il dettaglio degli argomenti trattati.<\/p>\n<p><strong>Fondo di Solidariet\u00e0 e piano uscite<\/strong>. L\u2019Azienda ha fornito i dati aggiornati relativi alle finestre di uscita: per la scadenza del 30 aprile sono state perfezionate 76 conciliazioni. Sono inoltre previste 12 uscite per il 30 giugno, mentre le restanti saranno distribuite nella seconda met\u00e0 dell&#8217;anno, a partire da agosto, per un numero limitato di colleghi.<\/p>\n<p><strong>Budget L e riparametrazione Part Time<\/strong>. In merito alla richiesta da noi avanzata nell&#8217;incontro del 23 aprile, l&#8217;Azienda ha confermato che l&#8217;erogazione relativa all&#8217;anno 2026 (disponibile nel 2027) sar\u00e0 riparametrata sulla base del nuovo orario settimanale a 37 ore (anzich\u00e9 37,5). Questo cambio di denominatore comporter\u00e0 un valore del budget proporzionalmente pi\u00f9 alto per i colleghi in part- time. Per quanto riguarda invece l&#8217;erogazione del 2025, sono stati applicati i criteri precedenti in quanto anche il riproporzionamento della voce stipendio ha avuto decorrenza gennaio 2026 (nel 2025 la questione era stata gestita tramite i permessi per riduzione di orario).<\/p>\n<p><strong>Requisiti per le assunzioni<\/strong>. Su nostra sollecitazione, sono state illustrate le linee guida per i neoassunti:<\/p>\n<ul>\n<li>Rete Commerciale e CSD: si ricercano sia diplomati (tendenzialmente fino a 25 anni) che laureati (fino a 29 anni).<\/li>\n<li>Sede Centrale: \u00e8 richiesta la laurea con un limite indicativo di 28\/29 anni.<\/li>\n<\/ul>\n<p>Tali limiti possono essere derogati in presenza di pregresse esperienze professionali.<\/p>\n<p><strong>Referente Commerciale<\/strong>. L&#8217;Azienda ha negato revisioni strutturali della figura, attribuendo le assenze di tale ruolo nelle filiali alle variazioni nelle numeriche delle filiali o a cambi di formato. Come Organizzazioni Sindacali riteniamo che proprio queste dichiarazioni costituiscono una prova, l\u2019ennesima, della carenza di personale. Porteremo i casi specifici nei prossimi incontri territoriali.<\/p>\n<p><strong>Progetto Win Business<\/strong>. Abbiamo segnalato forzature relative all&#8217;indicazione di 12 appuntamenti per gestore. Nonostante l\u2019Azienda parli di semplice &#8220;indicazione&#8221;, abbiamo ribadito che proprio comunicazioni equivoche di questo genere vengano poi recepite e gestite come obbligo di risultato, non previsto dal nostro contratto collettivo nazionale di lavoro. Ribadiamo l&#8217;indicazione di segnalare eventuali forzature in tal senso tramite i nostri rappresentanti sindacali della commissione politiche commerciali e organizzazione del lavoro.<\/p>\n<p><strong>Intelligenza Artificiale e strumenti digitali<\/strong>. Dando seguito alla nostra richiesta del 23 aprile, l\u2019Azienda ha comunicato che la struttura IT sta completando una mappatura sull&#8217;utilizzo dell&#8217;IA nel Gruppo e che verr\u00e0 calendarizzato un incontro con la presenza dei tecnici per approfondire il tema.<\/p>\n<p><strong>Circolare posta elettronica<\/strong>. L&#8217;Azienda ha comunicato che, non essendo pubblicata nei documenti personali, non pu\u00f2 costituire \u201cadeguata informazione\u201d e non \u00e8 attualmente opponibile ai colleghi. Nonostante l&#8217;azienda abbia comunicato una regolarizzazione nel breve della situazione, permangono le nostre forti perplessit\u00e0 in merito a una gestione di questo tipo delle fonti normative aziendali.<\/p>\n<p><strong>CSD<\/strong>. \u00c8 in partenza la comunicazione ai turnisti per la modifica contrattuale di orari e indennit\u00e0. Seguir\u00e0, in un secondo momento, la gestione dell&#8217;opzione mensa.<\/p>\n<p><strong>Smart Working<\/strong>. Prosegue il confronto sul testo dell&#8217;Accordo di rinnovo. Le parti si incontreranno nuovamente l&#8217;8 maggio.<\/p>\n<p>Altre tematiche operative.<\/p>\n<p><strong>Whistleblowing<\/strong>. In uscita un aggiornamento tecnico della circolare per adeguarla alle linee guida ANAC. L&#8217;Azienda ha dichiarato che non ci saranno impatti diretti sul personale dipendente.<\/p>\n<p><strong>Rimborsi OCF<\/strong>. In merito al rimborso delle quote di iscrizione all&#8217;albo, l&#8217;Azienda ha confermato che il cruscotto per il caricamento delle attestazioni di pagamento \u00e8 pienamente operativo per tutta la rete dal 17 aprile 2026. Come gi\u00e0 anticipato nel precedente incontro dell&#8217;8 aprile, l&#8217;applicativo consente ora di gestire integralmente sia la fase di rinnovo per l&#8217;anno 2026 che tutte le procedure amministrative correlate. Abbiamo precisato con l&#8217;Azienda che, in caso di malfunzionamenti tecnici o dubbi sulle modalit\u00e0 di inserimento, le colleghe e i colleghi possono fare riferimento direttamente al proprio Gestore Risorse di competenza per ricevere il supporto necessario.<\/p>\n<p><strong>Check-up Unisalute<\/strong>. A seguito della nostra segnalazione, l\u2019Azienda ha sensibilizzato Unisalute per cercare di concentrare, quando possibile, le visite dei check-up in un&#8217;unica giornata.<\/p>\n<p><strong>Circolare Presenze\/Assenze<\/strong>. L&#8217;aggiornamento (inclusivo delle novit\u00e0 della Legge di Bilancio) sar\u00e0 pubblicato entro 15-20 giorni.<\/p>\n<p><strong>Indennit\u00e0 di cassa<\/strong>. L\u2019Azienda si \u00e8 detta disponibile a trattare il tema che riguarda i colleghi che operano nelle filiali, ove la cassa \u00e8 chiusa, su bollette e pagamenti in assenza del cassiere ufficiale, all&#8217;interno del rinnovo del CIA (Contratto Integrativo Aziendale).<\/p>\n<p>Milano, 30 aprile 2026<\/p>\n<p style=\"text-align: left\"><strong><a href=\"https:\/\/www.firstcisl.it\/bancobpm\/wp-content\/uploads\/sites\/13\/2026\/04\/20260430-Incontro-di-delegazione.pdf\">Scarica comunicato<\/a><\/strong><\/p>\n<p style=\"text-align: center\"><strong>COORDINAMENTI GRUPPO BANCO BPM<\/strong><br \/>\n<strong>FIRST CISL &#8211; FISAC CGIL &#8211; UILCA UIL<\/strong><\/p>\n<div class=\"gsp_post_data\" \r\n\t            data-post_type=\"post\" \r\n\t            data-cat=\"contrattazione\" \r\n\t            data-modified=\"120\"\r\n\t            data-created=\"1777557709\"\r\n\t            data-title=\"Incontro di trattativa del 29 aprile 2026\" \r\n\t            data-home=\"https:\/\/www.firstcisl.it\/bancobpm\"><\/div>","protected":false},"excerpt":{"rendered":"<p>Nella giornata di mercoled\u00ec 29 aprile 2026 si \u00e8 svolto il periodico incontro di trattativa con l&#8217;Azienda per dare seguito ai numerosi temi aperti e ricevere gli aggiornamenti richiesti nelle precedenti sessioni. Di seguito il dettaglio degli argomenti trattati. Fondo di Solidariet\u00e0 e piano uscite. L\u2019Azienda ha fornito i dati aggiornati relativi alle finestre di [&hellip;]<\/p>\n","protected":false},"author":133,"featured_media":3983,"comment_status":"closed","ping_status":"closed","sticky":false,"template":"","format":"standard","meta":{"footnotes":""},"categories":[6],"tags":[66,28],"class_list":["post-5097","post","type-post","status-publish","format-standard","has-post-thumbnail","hentry","category-contrattazione","tag-comunicato","tag-first-cisl-gruppo-banco-bpm"],"_links":{"self":[{"href":"https:\/\/www.firstcisl.it\/bancobpm\/wp-json\/wp\/v2\/posts\/5097","targetHints":{"allow":["GET"]}}],"collection":[{"href":"https:\/\/www.firstcisl.it\/bancobpm\/wp-json\/wp\/v2\/posts"}],"about":[{"href":"https:\/\/www.firstcisl.it\/bancobpm\/wp-json\/wp\/v2\/types\/post"}],"author":[{"embeddable":true,"href":"https:\/\/www.firstcisl.it\/bancobpm\/wp-json\/wp\/v2\/users\/133"}],"replies":[{"embeddable":true,"href":"https:\/\/www.firstcisl.it\/bancobpm\/wp-json\/wp\/v2\/comments?post=5097"}],"version-history":[{"count":3,"href":"https:\/\/www.firstcisl.it\/bancobpm\/wp-json\/wp\/v2\/posts\/5097\/revisions"}],"predecessor-version":[{"id":5101,"href":"https:\/\/www.firstcisl.it\/bancobpm\/wp-json\/wp\/v2\/posts\/5097\/revisions\/5101"}],"wp:featuredmedia":[{"embeddable":true,"href":"https:\/\/www.firstcisl.it\/bancobpm\/wp-json\/wp\/v2\/media\/3983"}],"wp:attachment":[{"href":"https:\/\/www.firstcisl.it\/bancobpm\/wp-json\/wp\/v2\/media?parent=5097"}],"wp:term":[{"taxonomy":"category","embeddable":true,"href":"https:\/\/www.firstcisl.it\/bancobpm\/wp-json\/wp\/v2\/categories?post=5097"},{"taxonomy":"post_tag","embeddable":true,"href":"https:\/\/www.firstcisl.it\/bancobpm\/wp-json\/wp\/v2\/tags?post=5097"}],"curies":[{"name":"wp","href":"https:\/\/api.w.org\/{rel}","templated":true}]}}