{"id":1527,"date":"2019-01-17T20:10:09","date_gmt":"2019-01-17T19:10:09","guid":{"rendered":"https:\/\/www.firstcisl.it\/bancobpm\/?p=1527"},"modified":"2019-01-17T20:10:09","modified_gmt":"2019-01-17T19:10:09","slug":"confermato-lo-sciopero-di-profamily-e-del-comparto-npl","status":"publish","type":"post","link":"https:\/\/www.firstcisl.it\/bancobpm\/2019\/01\/17\/confermato-lo-sciopero-di-profamily-e-del-comparto-npl\/","title":{"rendered":"Confermato lo sciopero di Profamily e del Comparto NPL"},"content":{"rendered":"<p>Nell&#8217;incontro svoltosi in data odierna con le OO.SS, l\u2019Azienda ha sommariamente descritto le previste operazioni di cessione di ramo d&#8217;azienda riguardanti la piattaforma NPL e la societ\u00e0 prodotto di credito al consumo ProFamily, confermando, di fatto, anche la cessione dei lavoratori di questi comparti all\u2019esterno del Gruppo, contrariamente all&#8217;impostazione delle OO.SS. di escludere i lavoratori da ogni cessione societaria.<br \/>\nAlla luce di ci\u00f2 la mobilitazione continua nel percorso gi\u00e0 avviato e viene confermata la giornata di sciopero gi\u00e0 programmata.<\/p>\n<p><a href=\"https:\/\/www.firstcisl.it\/bancobpm\/wp-content\/uploads\/sites\/13\/2019\/01\/20190117-Com.-unitario-Sciopero-Profamily-e-NPL.pdf\" target=\"_blank\" rel=\"noopener\">leggi il comunicato<\/a><\/p>\n<div class=\"gsp_post_data\" \r\n\t            data-post_type=\"post\" \r\n\t            data-cat=\"in-primo-piano\" \r\n\t            data-modified=\"120\"\r\n\t            data-created=\"1547755809\"\r\n\t            data-title=\"Confermato lo sciopero di Profamily e del Comparto NPL\" \r\n\t            data-home=\"https:\/\/www.firstcisl.it\/bancobpm\"><\/div>","protected":false},"excerpt":{"rendered":"<p>Nell&#8217;incontro svoltosi in data odierna con le OO.SS, l\u2019Azienda ha sommariamente descritto le previste operazioni di cessione di ramo d&#8217;azienda riguardanti la piattaforma NPL e la societ\u00e0 prodotto di credito al consumo ProFamily, confermando, di fatto, anche la cessione dei lavoratori di questi comparti all\u2019esterno del Gruppo, contrariamente all&#8217;impostazione delle OO.SS. di escludere i lavoratori [&hellip;]<\/p>\n","protected":false},"author":28,"featured_media":1526,"comment_status":"closed","ping_status":"closed","sticky":false,"template":"","format":"standard","meta":{"footnotes":""},"categories":[4],"tags":[],"class_list":["post-1527","post","type-post","status-publish","format-standard","has-post-thumbnail","hentry","category-in-primo-piano"],"_links":{"self":[{"href":"https:\/\/www.firstcisl.it\/bancobpm\/wp-json\/wp\/v2\/posts\/1527","targetHints":{"allow":["GET"]}}],"collection":[{"href":"https:\/\/www.firstcisl.it\/bancobpm\/wp-json\/wp\/v2\/posts"}],"about":[{"href":"https:\/\/www.firstcisl.it\/bancobpm\/wp-json\/wp\/v2\/types\/post"}],"author":[{"embeddable":true,"href":"https:\/\/www.firstcisl.it\/bancobpm\/wp-json\/wp\/v2\/users\/28"}],"replies":[{"embeddable":true,"href":"https:\/\/www.firstcisl.it\/bancobpm\/wp-json\/wp\/v2\/comments?post=1527"}],"version-history":[{"count":1,"href":"https:\/\/www.firstcisl.it\/bancobpm\/wp-json\/wp\/v2\/posts\/1527\/revisions"}],"predecessor-version":[{"id":1528,"href":"https:\/\/www.firstcisl.it\/bancobpm\/wp-json\/wp\/v2\/posts\/1527\/revisions\/1528"}],"wp:featuredmedia":[{"embeddable":true,"href":"https:\/\/www.firstcisl.it\/bancobpm\/wp-json\/wp\/v2\/media\/1526"}],"wp:attachment":[{"href":"https:\/\/www.firstcisl.it\/bancobpm\/wp-json\/wp\/v2\/media?parent=1527"}],"wp:term":[{"taxonomy":"category","embeddable":true,"href":"https:\/\/www.firstcisl.it\/bancobpm\/wp-json\/wp\/v2\/categories?post=1527"},{"taxonomy":"post_tag","embeddable":true,"href":"https:\/\/www.firstcisl.it\/bancobpm\/wp-json\/wp\/v2\/tags?post=1527"}],"curies":[{"name":"wp","href":"https:\/\/api.w.org\/{rel}","templated":true}]}}