{"id":3717,"date":"2025-02-26T08:13:06","date_gmt":"2025-02-26T07:13:06","guid":{"rendered":"https:\/\/www.firstcisl.it\/assicurazionigenerali\/?p=3717"},"modified":"2025-02-26T08:13:06","modified_gmt":"2025-02-26T07:13:06","slug":"incontro-con-lamministratore-delegato-in-genertel","status":"publish","type":"post","link":"https:\/\/www.firstcisl.it\/assicurazionigenerali\/2025\/02\/26\/incontro-con-lamministratore-delegato-in-genertel\/","title":{"rendered":"Incontro con l&#8217;amministratore delegato in Genertel"},"content":{"rendered":"<p>Pubblichiamo la <a href=\"https:\/\/intranet.firstcisl.it\/mediadms\/pdf\/web\/file_viewer.php?idfile=7488\" target=\"_blank\" rel=\"noopener\">comunicazione della rappresentanza sindacale First Cisl di Generte<\/a>l.<\/p>\n<p>Care colleghe e cari colleghi,<br \/>\noggi abbiamo avuto un momento di confronto con il management sul nuovo piano strategico aziendale 2025-2027, che vi verr\u00e0 illustrato domani in occasione dello streaming.<\/p>\n<p>Ci\u00f2 che \u00e8 emerso dal quadro descritto dal nostro amministratore delegato (AD) \u00e8 che le contingenze e la situazione economica (vuoi per il contesto internazionale che per quelli<br \/>\ninterni sia di Gruppo che aziendale), compongono uno scenario impegnativo e che metteranno noi tutti davanti a delle sfide e a delle scelte non pi\u00f9 rimandabili.<\/p>\n<p>In questo triennio cruciale sar\u00e0 richiesto il massimo impegno sia del management stesso che dei lavoratori a tutti i livelli.<br \/>\nL\u2019AD ha richiesto un cambio di mentalit\u00e0, perch\u00e9 questo lasso di tempo vedr\u00e0 dei cambiamenti sostanziali del business, dei prodotti e delle modalit\u00e0 stesse di vendita.<\/p>\n<p>Il <em>Motor<\/em> non \u00e8 mai stato (e meno che mai lo \u00e8 oggi), un settore sul quale puntare per la profittabilit\u00e0, ci\u00f2 implica che esso dovr\u00e0 costituire s\u00ec parte del business, ma integrato massicciamente da prodotti <em>non-motor<\/em>, come il Vita e il Salute, con l\u2019obiettivo di generare un maggior valore che solo pu\u00f2 garantirci i margini di utili che la Capogruppo si attende, come ritorno dagli investimenti che negli ultimi anni ha posto in essere in Genertel.<\/p>\n<p>Da parte nostra \u00e8 stata posta con forza la necessit\u00e0 che il rinnovamento di prodotti e piattaforme abbia come requisito fondamentale quello di dare la possibilit\u00e0 ai lavoratori di accedere a un maggior bacino di contatti e lead sui quali poter lavorare e produrre performance e risultati.<\/p>\n<p>Vi anticipiamo inoltre che nei prossimi giorni inizieranno gli incontri che ci vedranno impegnati con la controparte nella trattativa inerente il nuovo modello operativo che l\u2019azienda adotter\u00e0 nel futuro prossimo e che dovrebbero protrarsi nel corso della primavera.<\/p>\n<p>Come sempre rimaniamo a disposizione per ogni chiarimento o dubbio e vi continueremo ad aggiornare sull\u2019evolversi delle varie situazioni in atto.<\/p>\n<p>Trieste, 25 febbraio 2025.<\/p>\n<p style=\"text-align: center\"><strong>FIRST CISL<\/strong><br \/>\n<strong>Rappresentanza Sindacale Aziendale<\/strong><br \/>\n<strong>Genertel<\/strong><\/p>\n<p>La <a href=\"https:\/\/intranet.firstcisl.it\/mediadms\/pdf\/web\/file_viewer.php?idfile=7488\" target=\"_blank\" rel=\"noopener\">comunicazione della rappresentanza sindacale First Cisl di Generte<\/a>l.<\/p>\n<div class=\"gsp_post_data\" \r\n\t            data-post_type=\"post\" \r\n\t            data-cat=\"genertel\" \r\n\t            data-modified=\"120\"\r\n\t            data-created=\"1740557586\"\r\n\t            data-title=\"Incontro con l&#8217;amministratore delegato in Genertel\" \r\n\t            data-home=\"https:\/\/www.firstcisl.it\/assicurazionigenerali\"><\/div>","protected":false},"excerpt":{"rendered":"<p>Pubblichiamo la comunicazione della rappresentanza sindacale First Cisl di Genertel. Care colleghe e cari colleghi, oggi abbiamo avuto un momento di confronto con il management sul nuovo piano strategico aziendale 2025-2027, che vi verr\u00e0 illustrato domani in occasione dello streaming. Ci\u00f2 che \u00e8 emerso dal quadro descritto dal nostro amministratore delegato (AD) \u00e8 che le [&hellip;]<\/p>\n","protected":false},"author":88,"featured_media":3718,"comment_status":"closed","ping_status":"closed","sticky":false,"template":"","format":"standard","meta":{"footnotes":""},"categories":[35],"tags":[],"class_list":["post-3717","post","type-post","status-publish","format-standard","has-post-thumbnail","hentry","category-genertel"],"_links":{"self":[{"href":"https:\/\/www.firstcisl.it\/assicurazionigenerali\/wp-json\/wp\/v2\/posts\/3717","targetHints":{"allow":["GET"]}}],"collection":[{"href":"https:\/\/www.firstcisl.it\/assicurazionigenerali\/wp-json\/wp\/v2\/posts"}],"about":[{"href":"https:\/\/www.firstcisl.it\/assicurazionigenerali\/wp-json\/wp\/v2\/types\/post"}],"author":[{"embeddable":true,"href":"https:\/\/www.firstcisl.it\/assicurazionigenerali\/wp-json\/wp\/v2\/users\/88"}],"replies":[{"embeddable":true,"href":"https:\/\/www.firstcisl.it\/assicurazionigenerali\/wp-json\/wp\/v2\/comments?post=3717"}],"version-history":[{"count":1,"href":"https:\/\/www.firstcisl.it\/assicurazionigenerali\/wp-json\/wp\/v2\/posts\/3717\/revisions"}],"predecessor-version":[{"id":3719,"href":"https:\/\/www.firstcisl.it\/assicurazionigenerali\/wp-json\/wp\/v2\/posts\/3717\/revisions\/3719"}],"wp:featuredmedia":[{"embeddable":true,"href":"https:\/\/www.firstcisl.it\/assicurazionigenerali\/wp-json\/wp\/v2\/media\/3718"}],"wp:attachment":[{"href":"https:\/\/www.firstcisl.it\/assicurazionigenerali\/wp-json\/wp\/v2\/media?parent=3717"}],"wp:term":[{"taxonomy":"category","embeddable":true,"href":"https:\/\/www.firstcisl.it\/assicurazionigenerali\/wp-json\/wp\/v2\/categories?post=3717"},{"taxonomy":"post_tag","embeddable":true,"href":"https:\/\/www.firstcisl.it\/assicurazionigenerali\/wp-json\/wp\/v2\/tags?post=3717"}],"curies":[{"name":"wp","href":"https:\/\/api.w.org\/{rel}","templated":true}]}}