{"id":3572,"date":"2024-10-15T11:05:50","date_gmt":"2024-10-15T09:05:50","guid":{"rendered":"https:\/\/www.firstcisl.it\/assicurazionigenerali\/?p=3572"},"modified":"2024-10-15T11:05:50","modified_gmt":"2024-10-15T09:05:50","slug":"nota-sul-nuovo-presidio-di-qualita-della-rete-produttiva-di-generali-italia","status":"publish","type":"post","link":"https:\/\/www.firstcisl.it\/assicurazionigenerali\/2024\/10\/15\/nota-sul-nuovo-presidio-di-qualita-della-rete-produttiva-di-generali-italia\/","title":{"rendered":"Nota sul nuovo presidio di qualit\u00e0 della rete produttiva di Generali Italia"},"content":{"rendered":"<p>Care colleghe e colleghi,<br \/>\nin riferimento al rilascio del nuovo presidio di qualit\u00e0 sulla &#8220;Nuova Produzione Immagina Adesso&#8221; (ORI), vi informiamo che, consequenzialmente alle nostre sollecitazioni, l\u2019azienda ha comunicato la definizione un intervento straordinario correttivo rispetto all\u2019applicazione originaria della regola.<\/p>\n<p>Nel confronto con l\u2019azienda, le rappresentanze sindacali aziendali dell&#8217;organizzazione produttiva (RSA OP) della First CISL hanno da sempre posto al centro dell\u2019attenzione l\u2019urgenza di agire sui molteplici parametri commerciali tutelando e valorizzando la qualit\u00e0 ed il merito nella consulenza e vendita dei prodotti assicurativi.<\/p>\n<p>L\u2019intervento correttivo sulla \u201cNuova produzione Immagina Adesso\u201d, che verr\u00e0 attuato gradualmente nelle prossime settimane, prende atto di un concetto chiave per la nostra rappresentanza sindacale; cio\u00e8 che quotidianamente la rete OP lavora tanto e con grande qualit\u00e0, presidiando efficacemente la tenuta del portafoglio clienti.<\/p>\n<p>Per le RSA OP First CISL la corretta, trasparente e duratura relazione con il cliente rappresenta uno degli elementi imprescindibili dell\u2019azione commerciale, sulla quale necessita una attenta e approfondita riflessione, in aderenza con le istanze di modernizzazione che coinvolgono l\u2019organizzazione produttiva dipendente.<\/p>\n<p>Nello specifico, l\u2019intervento straordinario riguarder\u00e0 i seguenti punti:<\/p>\n<ul>\n<li>per le polizze dal 1\/1 al 19\/9 si proceder\u00e0 ad una parziale neutralizzazione del recupero di &#8220;Nuova Produzione Immagina Adesso&#8221; previsto dal presidio, con applicazione di una \u00abfranchigia\u00bb di 2.000\u20ac<\/li>\n<li>a partire dal 20\/9 il presidio di qualit\u00e0 su Immagina Adesso verr\u00e0 applicato puntualmente con aggiornamento continuo (gi\u00e0 visibile in reportistica)<\/li>\n<li>le polizze riemesse come nuove polizze, a fronte di polizze in cui il tacito rinnovo sia stato escluso per esplicita indicazione direzionale, non rientrano fra quelle interessate dal presidio<\/li>\n<li>in caso di incertezza sull\u2019applicazione della regola, rimane ferma la possibilit\u00e0 di chiedere verifiche\/approfondimenti tramite MYG\/Assistenza (Help Center OP)<\/li>\n<li>indicativamente, la reportistica relativa all\u2019incentivo annuale sar\u00e0 adeguata a partire dal 24 ottobre<\/li>\n<li>nei primi giorni di novembre, la reportistica sar\u00e0 ulteriormente integrata con un nuovo foglio di dettaglio dedicato al controllo Immagina Adesso contenente tutte le polizze oggetto del presidio<\/li>\n<\/ul>\n<p>Vi terremo informati su ulteriori aggiornamenti o precisazioni, in attesa di cominciare l\u2019importantissimo confronto<br \/>\nsulla nuova incentivazione Rappel 2025.<\/p>\n<p>12 ottobre 2024<\/p>\n<p style=\"text-align: center\"><strong>Le Rappresentanze sindacali aziendali First CISL organizzazione produttiva Generali Italia<\/strong><\/p>\n<div class=\"gsp_post_data\" \r\n\t            data-post_type=\"post\" \r\n\t            data-cat=\"news,produttori\" \r\n\t            data-modified=\"120\"\r\n\t            data-created=\"1728990350\"\r\n\t            data-title=\"Nota sul nuovo presidio di qualit\u00e0 della rete produttiva di Generali Italia\" \r\n\t            data-home=\"https:\/\/www.firstcisl.it\/assicurazionigenerali\"><\/div>","protected":false},"excerpt":{"rendered":"<p>Care colleghe e colleghi, in riferimento al rilascio del nuovo presidio di qualit\u00e0 sulla &#8220;Nuova Produzione Immagina Adesso&#8221; (ORI), vi informiamo che, consequenzialmente alle nostre sollecitazioni, l\u2019azienda ha comunicato la definizione un intervento straordinario correttivo rispetto all\u2019applicazione originaria della regola. Nel confronto con l\u2019azienda, le rappresentanze sindacali aziendali dell&#8217;organizzazione produttiva (RSA OP) della First CISL [&hellip;]<\/p>\n","protected":false},"author":88,"featured_media":1609,"comment_status":"closed","ping_status":"closed","sticky":false,"template":"","format":"standard","meta":{"footnotes":""},"categories":[5,13],"tags":[],"class_list":["post-3572","post","type-post","status-publish","format-standard","has-post-thumbnail","hentry","category-news","category-produttori"],"_links":{"self":[{"href":"https:\/\/www.firstcisl.it\/assicurazionigenerali\/wp-json\/wp\/v2\/posts\/3572","targetHints":{"allow":["GET"]}}],"collection":[{"href":"https:\/\/www.firstcisl.it\/assicurazionigenerali\/wp-json\/wp\/v2\/posts"}],"about":[{"href":"https:\/\/www.firstcisl.it\/assicurazionigenerali\/wp-json\/wp\/v2\/types\/post"}],"author":[{"embeddable":true,"href":"https:\/\/www.firstcisl.it\/assicurazionigenerali\/wp-json\/wp\/v2\/users\/88"}],"replies":[{"embeddable":true,"href":"https:\/\/www.firstcisl.it\/assicurazionigenerali\/wp-json\/wp\/v2\/comments?post=3572"}],"version-history":[{"count":1,"href":"https:\/\/www.firstcisl.it\/assicurazionigenerali\/wp-json\/wp\/v2\/posts\/3572\/revisions"}],"predecessor-version":[{"id":3573,"href":"https:\/\/www.firstcisl.it\/assicurazionigenerali\/wp-json\/wp\/v2\/posts\/3572\/revisions\/3573"}],"wp:featuredmedia":[{"embeddable":true,"href":"https:\/\/www.firstcisl.it\/assicurazionigenerali\/wp-json\/wp\/v2\/media\/1609"}],"wp:attachment":[{"href":"https:\/\/www.firstcisl.it\/assicurazionigenerali\/wp-json\/wp\/v2\/media?parent=3572"}],"wp:term":[{"taxonomy":"category","embeddable":true,"href":"https:\/\/www.firstcisl.it\/assicurazionigenerali\/wp-json\/wp\/v2\/categories?post=3572"},{"taxonomy":"post_tag","embeddable":true,"href":"https:\/\/www.firstcisl.it\/assicurazionigenerali\/wp-json\/wp\/v2\/tags?post=3572"}],"curies":[{"name":"wp","href":"https:\/\/api.w.org\/{rel}","templated":true}]}}