{"id":2114,"date":"2021-07-06T19:30:12","date_gmt":"2021-07-06T17:30:12","guid":{"rendered":"https:\/\/www.firstcisl.it\/assicurazionigenerali\/?p=2114"},"modified":"2021-07-06T19:30:12","modified_gmt":"2021-07-06T17:30:12","slug":"prosegue-la-trattativa-per-il-cia","status":"publish","type":"post","link":"https:\/\/www.firstcisl.it\/assicurazionigenerali\/2021\/07\/06\/prosegue-la-trattativa-per-il-cia\/","title":{"rendered":"Prosegue la trattativa per il CIA"},"content":{"rendered":"<p>Gli incontri per il rinnovo del <strong>Contratto Integrativo di Gruppo Generali (CIA)<\/strong> si stanno susseguendo quasi quotidianamente sia a livello intersindacale che di trattativa con il Gruppo.<\/p>\n<p>Come gi\u00e0 avevamo detto non \u00e8 ancora possibile dettagliare tutto l\u2019andamento di trattativa ma le posizioni sindacali, pi\u00f9 volte ribadite, e quelle aziendali si stanno seppur lentamente avvicinando, lasciando intravedere la possibilit\u00e0 di una soluzione di accordo che tutti auspichiamo giunga nel pi\u00f9 breve tempo possibile.<\/p>\n<p>Anche nella giornata di oggi, 6 luglio 2021, si \u00e8 tenuto un incontro con l\u2019azienda e si \u00e8 concordato di discutere a livello intersindacale i documenti che saranno presentati domattina dall\u2019azienda e rivedersi domani pomeriggio per un ulteriore incontro di trattativa.<\/p>\n<p style=\"text-align: center\"><strong>FIRST CISL\u00a0 FISAC CGIL\u00a0 F.N.A.\u00a0 <\/strong><strong>SNFIA\u00a0 UILCA<br \/>\n<\/strong><strong>Coordinamenti Nazionali Rappresentanze Sindacali<br \/>\n<\/strong><strong>Gruppo Generali<\/strong><\/p>\n<p>Potete scaricare <a href=\"https:\/\/intranet.firstcisl.it\/mediadms\/pdf\/web\/file_viewer.php?idfile=4624\" target=\"_blank\" rel=\"noopener noreferrer\">qui questo comunicato<\/a>.<\/p>\n<div class=\"gsp_post_data\" \r\n\t            data-post_type=\"post\" \r\n\t            data-cat=\"contrattazione,in-primo-piano,news,rinnovo-cia\" \r\n\t            data-modified=\"120\"\r\n\t            data-created=\"1625599812\"\r\n\t            data-title=\"Prosegue la trattativa per il CIA\" \r\n\t            data-home=\"https:\/\/www.firstcisl.it\/assicurazionigenerali\"><\/div>","protected":false},"excerpt":{"rendered":"<p>Gli incontri per il rinnovo del Contratto Integrativo di Gruppo Generali (CIA) si stanno susseguendo quasi quotidianamente sia a livello intersindacale che di trattativa con il Gruppo. Come gi\u00e0 avevamo detto non \u00e8 ancora possibile dettagliare tutto l\u2019andamento di trattativa ma le posizioni sindacali, pi\u00f9 volte ribadite, e quelle aziendali si stanno seppur lentamente avvicinando, [&hellip;]<\/p>\n","protected":false},"author":88,"featured_media":1872,"comment_status":"closed","ping_status":"closed","sticky":false,"template":"","format":"standard","meta":{"footnotes":""},"categories":[6,4,5,11],"tags":[],"class_list":["post-2114","post","type-post","status-publish","format-standard","has-post-thumbnail","hentry","category-contrattazione","category-in-primo-piano","category-news","category-rinnovo-cia"],"_links":{"self":[{"href":"https:\/\/www.firstcisl.it\/assicurazionigenerali\/wp-json\/wp\/v2\/posts\/2114","targetHints":{"allow":["GET"]}}],"collection":[{"href":"https:\/\/www.firstcisl.it\/assicurazionigenerali\/wp-json\/wp\/v2\/posts"}],"about":[{"href":"https:\/\/www.firstcisl.it\/assicurazionigenerali\/wp-json\/wp\/v2\/types\/post"}],"author":[{"embeddable":true,"href":"https:\/\/www.firstcisl.it\/assicurazionigenerali\/wp-json\/wp\/v2\/users\/88"}],"replies":[{"embeddable":true,"href":"https:\/\/www.firstcisl.it\/assicurazionigenerali\/wp-json\/wp\/v2\/comments?post=2114"}],"version-history":[{"count":1,"href":"https:\/\/www.firstcisl.it\/assicurazionigenerali\/wp-json\/wp\/v2\/posts\/2114\/revisions"}],"predecessor-version":[{"id":2115,"href":"https:\/\/www.firstcisl.it\/assicurazionigenerali\/wp-json\/wp\/v2\/posts\/2114\/revisions\/2115"}],"wp:featuredmedia":[{"embeddable":true,"href":"https:\/\/www.firstcisl.it\/assicurazionigenerali\/wp-json\/wp\/v2\/media\/1872"}],"wp:attachment":[{"href":"https:\/\/www.firstcisl.it\/assicurazionigenerali\/wp-json\/wp\/v2\/media?parent=2114"}],"wp:term":[{"taxonomy":"category","embeddable":true,"href":"https:\/\/www.firstcisl.it\/assicurazionigenerali\/wp-json\/wp\/v2\/categories?post=2114"},{"taxonomy":"post_tag","embeddable":true,"href":"https:\/\/www.firstcisl.it\/assicurazionigenerali\/wp-json\/wp\/v2\/tags?post=2114"}],"curies":[{"name":"wp","href":"https:\/\/api.w.org\/{rel}","templated":true}]}}