{"id":917,"date":"2019-09-25T09:00:54","date_gmt":"2019-09-25T07:00:54","guid":{"rendered":"https:\/\/www.firstcisl.it\/assicurazioni\/?p=917"},"modified":"2026-03-17T10:41:51","modified_gmt":"2026-03-17T09:41:51","slug":"assicurativi-ania-e-stata-formalizzata-la-disdetta-del-contratto-nazionale","status":"publish","type":"post","link":"https:\/\/www.firstcisl.it\/assicurazioni\/assicurativi-ania-e-stata-formalizzata-la-disdetta-del-contratto-nazionale\/","title":{"rendered":"Assicurativi, Ania: \u00e8 stata formalizzata la disdetta del contratto nazionale"},"content":{"rendered":"<p>Nella giornata di ieri, le segreterie nazionali, che rappresentano le lavoratrici ed i lavoratori del settore assicurativo, si sono riuniti per formalizzare la disdetta del contratto collettivo nazionale di lavoro.<\/p>\n<p>Ci\u00f2 consentir\u00e0 di avviare la preparazione della piattaforma che porter\u00e0 alla trattativa per il rinnovo dello stesso.<\/p>\n<p>Leggi <a href=\"https:\/\/www.firstcisl.it\/assicurazioni\/wp-content\/uploads\/sites\/5\/2019\/09\/2019-09-24-ANIA-Comunicato-Unitario-disdetta-CCNL-non-dirigente-24-settembre-1.pdf\" target=\"_blank\" rel=\"noopener noreferrer\">qui il comunicato<\/a><\/p>\n<div class=\"gsp_post_data\" \r\n\t            data-post_type=\"post\" \r\n\t            data-cat=\"ania\" \r\n\t            data-modified=\"120\"\r\n\t            data-created=\"1569402054\"\r\n\t            data-title=\"Assicurativi, Ania: \u00e8 stata formalizzata la disdetta del contratto nazionale\" \r\n\t            data-home=\"https:\/\/www.firstcisl.it\/assicurazioni\"><\/div>","protected":false},"excerpt":{"rendered":"<p>Nella giornata di ieri, le segreterie nazionali, che rappresentano le lavoratrici ed i lavoratori del settore assicurativo, si sono riuniti per formalizzare la disdetta del contratto collettivo nazionale di lavoro. Ci\u00f2 consentir\u00e0 di avviare la preparazione della piattaforma che porter\u00e0 alla trattativa per il rinnovo dello stesso. Leggi qui il comunicato<\/p>\n","protected":false},"author":17,"featured_media":919,"comment_status":"closed","ping_status":"closed","sticky":false,"template":"","format":"standard","meta":{"footnotes":""},"categories":[15],"tags":[17,47,21],"class_list":["post-917","post","type-post","status-publish","format-standard","has-post-thumbnail","hentry","category-ania","tag-ania","tag-rinnovo-ccnl","tag-roberto-garibotti"],"_links":{"self":[{"href":"https:\/\/www.firstcisl.it\/assicurazioni\/wp-json\/wp\/v2\/posts\/917","targetHints":{"allow":["GET"]}}],"collection":[{"href":"https:\/\/www.firstcisl.it\/assicurazioni\/wp-json\/wp\/v2\/posts"}],"about":[{"href":"https:\/\/www.firstcisl.it\/assicurazioni\/wp-json\/wp\/v2\/types\/post"}],"author":[{"embeddable":true,"href":"https:\/\/www.firstcisl.it\/assicurazioni\/wp-json\/wp\/v2\/users\/17"}],"replies":[{"embeddable":true,"href":"https:\/\/www.firstcisl.it\/assicurazioni\/wp-json\/wp\/v2\/comments?post=917"}],"version-history":[{"count":2,"href":"https:\/\/www.firstcisl.it\/assicurazioni\/wp-json\/wp\/v2\/posts\/917\/revisions"}],"predecessor-version":[{"id":4305,"href":"https:\/\/www.firstcisl.it\/assicurazioni\/wp-json\/wp\/v2\/posts\/917\/revisions\/4305"}],"wp:featuredmedia":[{"embeddable":true,"href":"https:\/\/www.firstcisl.it\/assicurazioni\/wp-json\/wp\/v2\/media\/919"}],"wp:attachment":[{"href":"https:\/\/www.firstcisl.it\/assicurazioni\/wp-json\/wp\/v2\/media?parent=917"}],"wp:term":[{"taxonomy":"category","embeddable":true,"href":"https:\/\/www.firstcisl.it\/assicurazioni\/wp-json\/wp\/v2\/categories?post=917"},{"taxonomy":"post_tag","embeddable":true,"href":"https:\/\/www.firstcisl.it\/assicurazioni\/wp-json\/wp\/v2\/tags?post=917"}],"curies":[{"name":"wp","href":"https:\/\/api.w.org\/{rel}","templated":true}]}}