{"id":833,"date":"2019-01-16T14:57:05","date_gmt":"2019-01-16T13:57:05","guid":{"rendered":"https:\/\/www.firstcisl.it\/assicurazioni\/?p=833"},"modified":"2026-03-17T10:44:29","modified_gmt":"2026-03-17T09:44:29","slug":"assicurativi-ania-le-festivita-abolite-del-2019","status":"publish","type":"post","link":"https:\/\/www.firstcisl.it\/assicurazioni\/assicurativi-ania-le-festivita-abolite-del-2019\/","title":{"rendered":"Assicurativi, Ania, le festivit\u00e0 abolite del 2019"},"content":{"rendered":"<p>Come di consueto, Vi comunichiamo le festivit\u00e0 religiose e civili abolite dell&#8217;anno, che sono:<\/p>\n<p>\uf0b7 19 marzo. San Giuseppe (marted\u00ec);<\/p>\n<p>\uf0b7 30 maggio Ascensione del Signore (gioved\u00ec);<\/p>\n<p>\uf0b7 20 giugno Corpus Domini (gioved\u00ec);<\/p>\n<p>\uf0b7 4 novembre Unit\u00e0 Nazionale (luned\u00ec)<\/p>\n<p>Come da normativa contrattuale , le festivit\u00e0 sopra elencate danno diritto a giornate di permesso retribuito, salvo accordi aziendali migliorativi, a condizione che in tali giornate il dipendente abbia effettivamente prestato la propria attivit\u00e0 lavorativa o, anche se assente, abbia percepito la retribuzione spettante.<\/p>\n<p>Leggi <a href=\"https:\/\/www.firstcisl.it\/assicurazioni\/wp-content\/uploads\/sites\/5\/2019\/01\/2019-01-16-ania-feste-abolite.pdf\" target=\"_blank\" rel=\"noopener\">qui il comunicato<\/a><\/p>\n<div class=\"gsp_post_data\" \r\n\t            data-post_type=\"post\" \r\n\t            data-cat=\"ania\" \r\n\t            data-modified=\"120\"\r\n\t            data-created=\"1547650625\"\r\n\t            data-title=\"Assicurativi, Ania, le festivit\u00e0 abolite del 2019\" \r\n\t            data-home=\"https:\/\/www.firstcisl.it\/assicurazioni\"><\/div>","protected":false},"excerpt":{"rendered":"<p>Come di consueto, Vi comunichiamo le festivit\u00e0 religiose e civili abolite dell&#8217;anno, che sono: \uf0b7 19 marzo. San Giuseppe (marted\u00ec); \uf0b7 30 maggio Ascensione del Signore (gioved\u00ec); \uf0b7 20 giugno Corpus Domini (gioved\u00ec); \uf0b7 4 novembre Unit\u00e0 Nazionale (luned\u00ec) Come da normativa contrattuale , le festivit\u00e0 sopra elencate danno diritto a giornate di permesso retribuito, [&hellip;]<\/p>\n","protected":false},"author":17,"featured_media":834,"comment_status":"closed","ping_status":"closed","sticky":false,"template":"","format":"standard","meta":{"footnotes":""},"categories":[15],"tags":[17,39,21],"class_list":["post-833","post","type-post","status-publish","format-standard","has-post-thumbnail","hentry","category-ania","tag-ania","tag-festivita-abolite","tag-roberto-garibotti"],"_links":{"self":[{"href":"https:\/\/www.firstcisl.it\/assicurazioni\/wp-json\/wp\/v2\/posts\/833","targetHints":{"allow":["GET"]}}],"collection":[{"href":"https:\/\/www.firstcisl.it\/assicurazioni\/wp-json\/wp\/v2\/posts"}],"about":[{"href":"https:\/\/www.firstcisl.it\/assicurazioni\/wp-json\/wp\/v2\/types\/post"}],"author":[{"embeddable":true,"href":"https:\/\/www.firstcisl.it\/assicurazioni\/wp-json\/wp\/v2\/users\/17"}],"replies":[{"embeddable":true,"href":"https:\/\/www.firstcisl.it\/assicurazioni\/wp-json\/wp\/v2\/comments?post=833"}],"version-history":[{"count":1,"href":"https:\/\/www.firstcisl.it\/assicurazioni\/wp-json\/wp\/v2\/posts\/833\/revisions"}],"predecessor-version":[{"id":835,"href":"https:\/\/www.firstcisl.it\/assicurazioni\/wp-json\/wp\/v2\/posts\/833\/revisions\/835"}],"wp:featuredmedia":[{"embeddable":true,"href":"https:\/\/www.firstcisl.it\/assicurazioni\/wp-json\/wp\/v2\/media\/834"}],"wp:attachment":[{"href":"https:\/\/www.firstcisl.it\/assicurazioni\/wp-json\/wp\/v2\/media?parent=833"}],"wp:term":[{"taxonomy":"category","embeddable":true,"href":"https:\/\/www.firstcisl.it\/assicurazioni\/wp-json\/wp\/v2\/categories?post=833"},{"taxonomy":"post_tag","embeddable":true,"href":"https:\/\/www.firstcisl.it\/assicurazioni\/wp-json\/wp\/v2\/tags?post=833"}],"curies":[{"name":"wp","href":"https:\/\/api.w.org\/{rel}","templated":true}]}}