{"id":4398,"date":"2026-04-30T15:08:51","date_gmt":"2026-04-30T13:08:51","guid":{"rendered":"https:\/\/www.firstcisl.it\/assicurazioni\/?p=4398"},"modified":"2026-04-30T15:08:51","modified_gmt":"2026-04-30T13:08:51","slug":"first-cisl-gruppo-unipol-le-nostre-richieste-su-mensa-mobilita-e-sicurezza-allincontro-delle-rsa-di-bologna","status":"publish","type":"post","link":"https:\/\/www.firstcisl.it\/assicurazioni\/first-cisl-gruppo-unipol-le-nostre-richieste-su-mensa-mobilita-e-sicurezza-allincontro-delle-rsa-di-bologna\/","title":{"rendered":"First Cisl Gruppo Unipol: le nostre richieste su mensa, mobilit\u00e0 e sicurezza all&#8217;incontro delle Rsa di Bologna"},"content":{"rendered":"<p><em>Si riporta il\u00a0<strong><a href=\"https:\/\/www.firstcisl.it\/gruppounipol\/wp-content\/uploads\/sites\/83\/2026\/04\/Comunicato_First_Cisl_Gruppo_Unipol_20260429_Incontro_Rsa_di_Bologna_del_22_aprile_2026.pdf\" target=\"_blank\" rel=\"noopener\">comunicato<\/a><\/strong>\u00a0di\u00a0<strong><a href=\"https:\/\/www.firstcisl.it\/gruppounipol\/\" target=\"_blank\" rel=\"noopener\">First Cisl Gruppo Unipol<\/a><\/strong>:<\/em><\/p>\n<h4 class=\"entry-title\" style=\"text-align: center;\">Incontro delle Rsa di Bologna<br \/>\ndel 22 aprile 2026.<br \/>\nLe nostre richieste su<br \/>\nmensa, mobilit\u00e0 e sicurezza<\/h4>\n<p>Care colleghe e cari colleghi, nella giornata del 22 aprile ultimo scorso si \u00e8 tenuto un incontro congiunto tra l&#8217;azienda e le Rappresentanze sindacali aziendali di Unipol, Linear e UniSalute della piazza di Bologna.<\/p>\n<p>Un tavolo che ha avuto il merito di mettere a fuoco problemi condivisi tra realt\u00e0 diverse del gruppo che, pur con le proprie specificit\u00e0, insistono sullo stesso territorio e sulla stessa comunit\u00e0 di lavoratrici e lavoratori.<\/p>\n<p>Come organizzazioni sindacali abbiamo portato al confronto le criticit\u00e0 che pesano ogni giorno sulla qualit\u00e0 della vita di chi lavora. Non questioni marginali: temi che riguardano la salute, la sicurezza, la mobilit\u00e0 &#8211; e che meritano risposte concrete, non rinvii.<\/p>\n<h4 style=\"color: #006038;; margin-bottom: 8px;\"><strong>Mensa<\/strong><\/h4>\n<p>La situazione della ristorazione aziendale \u00e8 critica.<\/p>\n<p>Nel 2019, tra le due sedi di zona Stalingrado, venivano serviti circa 1.060 pasti al giorno: 528 nella mensa storica di via Stalingrado e 532 in quella di piazza Costituzione. Oggi, dopo la chiusura della sede di Stalingrado, rimane attiva la sola mensa di piazza Costituzione, che eroga circa 680 pasti giornalieri. I numeri parlano da soli: a fronte di una domanda rimasta sostanzialmente invariata, la capacit\u00e0 si \u00e8 quasi dimezzata, con code, affollamento e disagi quotidiani.<\/p>\n<p>Abbiamo chiesto all&#8217;azienda di riaprire la mensa di via Stalingrado o, in alternativa, di destinare quegli spazi a una sala attrezzata per il consumo dei pasti propri. Sono passati sei anni dalla chiusura: \u00e8 tempo di trovare una soluzione.<\/p>\n<h4 style=\"color: #006038; margin-bottom: 8px;\"><strong>Parcheggi<\/strong><\/h4>\n<p>Il tema della mobilit\u00e0 &#8211; e in particolare dei parcheggi nella zona di via Stalingrado &#8211; rimane irrisolto e si intreccia con le pi\u00f9 ampie criticit\u00e0 della viabilit\u00e0 locale. Abbiamo chiesto di potenziare l&#8217;offerta di sosta, valorizzando le aree di propriet\u00e0 aziendale che potrebbero essere destinate, almeno in parte, alle esigenze dei dipendenti: l&#8217;area dell&#8217;ex Mercatone, lo stabile ex OZ\u00a0 (via Calzoni) e l&#8217;area di via Felicori rappresentano opportunit\u00e0 concrete che non possono restare inutilizzate.<\/p>\n<p>Altrettanto urgente \u00e8 il tema delle graduatorie: abbiamo chiesto trasparenza sui posti disponibili e sui criteri di assegnazione, oltre a una gestione pi\u00f9 tempestiva e attenta alle esigenze reali delle persone. Molte lavoratrici e molti lavoratori, a causa dei ritardi, hanno dovuto acquistare costosi abbonamenti mensili sulle strisce blu da gennaio ad aprile, sostenendo spese che non avrebbero dovuto essere necessarie.<\/p>\n<p>I dati attuali fotografano bene lo squilibrio: per la sede di via Stalingrado risultano 264 richieste &#8211; 146 nuove e 118 trasferimenti &#8211; a fronte di circa 50 posti disponibili, in larga parte nel silos.<\/p>\n<h4 style=\"color: #006038; margin-bottom: 8px;\"><strong>Prossimi incontri<\/strong><\/h4>\n<p>Abbiamo richiesto la calendarizzazione di un incontro relativo al Call center sinistri di Unipol per un confronto concreto sulla situazione lavorativa delle colleghe e dei colleghi.<\/p>\n<h4 style=\"color: #006038; margin-bottom: 8px;\"><strong>Sicurezza<\/strong><\/h4>\n<p>Abbiamo espresso forte preoccupazione per il livello di sicurezza nella zona, anche in considerazione di possibili riduzioni del personale di vigilanza.<\/p>\n<p>Per contrastare i numerosi episodi di furto e vandalismo, chiediamo un presidio pi\u00f9 efficace: pi\u00f9 telecamere, illuminazione adeguata &#8211; carente oggi perfino nelle aree di pertinenza aziendale, dal bar Camst a via Stalingrado &#8211; e una maggiore visibilit\u00e0 delle misure adottate. Sono criticit\u00e0 che incidono sul senso di sicurezza delle persone, in particolare durante i mesi invernali.<\/p>\n<p>Su tutti questi fronti, abbiamo sollecitato l&#8217;azienda ad assumere impegni precisi, misurabili e non ulteriormente differibili. Le dichiarazioni di principio non bastano: ci\u00f2 che conta \u00e8 quello che le persone trovano ogni giorno quando arrivano al lavoro.<\/p>\n<p>Inoltre, in un contesto internazionale segnato da instabilit\u00e0 energetica, conflitti e pressioni economiche crescenti, diventa ancora pi\u00f9 urgente migliorare il livello e la qualit\u00e0 del confronto.<\/p>\n<p>Abbiamo pertanto auspicato l&#8217;apertura di un confronto a livello dei coordinamenti sindacali nazionali, per capire come l&#8217;azienda intenda affrontare lo scenario attuale e quali misure concrete intenda adottare per tutelare il benessere dei dipendenti e sostenere il loro potere d&#8217;acquisto.<\/p>\n<p>Un ultimo elemento che merita attenzione \u00e8 la dimensione del work-life balance complessivo.<\/p>\n<p>Tutte le criticit\u00e0 fin qui descritte &#8211; mensa, parcheggi, sicurezza &#8211; non sono questioni isolate: si sommano e incidono sulla qualit\u00e0 della vita fuori e dentro il lavoro. \u00c8 un tema su cui \u00e8 necessario un confronto strutturato e continuativo, aperto anche a strumenti e soluzioni meno esplorate rispetto a quelle abitualmente adottate, ma altrettanto valide.<\/p>\n<p>Restiamo come sempre a vostra disposizione per qualsiasi necessit\u00e0,<\/p>\n<p><em>Bologna, 29 aprile 2026<\/em><\/p>\n<p>&nbsp;<\/p>\n<p style=\"text-align: center;\"><strong>La Rappresentanza sindacale aziendale di First Cisl Gruppo Unipol<\/strong><\/p>\n<p>&nbsp;<\/p>\n<hr \/>\n<p><em>Il <strong><a href=\"https:\/\/www.firstcisl.it\/gruppounipol\/wp-content\/uploads\/sites\/83\/2026\/04\/Comunicato_First_Cisl_Gruppo_Unipol_20260429_Incontro_Rsa_di_Bologna_del_22_aprile_2026.pdf\" target=\"_blank\" rel=\"noopener\">comunicato<\/a><\/strong> di First Cisl Gruppo Unipol<\/em><\/p>\n<p><em>Vai al sito di <strong><a href=\"https:\/\/www.firstcisl.it\/gruppounipol\/\" target=\"_blank\" rel=\"noopener\">First Cisl Gruppo Unipol<\/a><\/strong><\/em><\/p>\n<p>&nbsp;<\/p>\n<div class=\"gsp_post_data\" \r\n\t            data-post_type=\"post\" \r\n\t            data-cat=\"aziende-e-territori\" \r\n\t            data-modified=\"79\"\r\n\t            data-created=\"1777561731\"\r\n\t            data-title=\"First Cisl Gruppo Unipol: le nostre richieste su mensa, mobilit\u00e0 e sicurezza all&#8217;incontro delle Rsa di Bologna\" \r\n\t            data-home=\"https:\/\/www.firstcisl.it\/assicurazioni\"><\/div>","protected":false},"excerpt":{"rendered":"<p>Si riporta il\u00a0comunicato\u00a0di\u00a0First Cisl Gruppo Unipol: Incontro delle Rsa di Bologna del 22 aprile 2026. Le nostre richieste su mensa, mobilit\u00e0 e sicurezza Care colleghe e cari colleghi, nella giornata del 22 aprile ultimo scorso si \u00e8 tenuto un incontro congiunto tra l&#8217;azienda e le Rappresentanze sindacali aziendali di Unipol, Linear e UniSalute della piazza [&hellip;]<\/p>\n","protected":false},"author":55,"featured_media":4399,"comment_status":"closed","ping_status":"closed","sticky":false,"template":"","format":"standard","meta":{"footnotes":""},"categories":[62],"tags":[467,315,468,358,469,470,471,472,247,84,23,473],"class_list":["post-4398","post","type-post","status-publish","format-standard","has-post-thumbnail","hentry","category-aziende-e-territori","tag-call-center-sinistri","tag-comunicato-first-cisl","tag-comunicato-first-cisl-gruppo-unipol","tag-first-cisl-gruppo-unipol","tag-linear","tag-mensa","tag-mobilita","tag-parcheggi","tag-salute","tag-sicurezza","tag-unipol","tag-unisalute"],"_links":{"self":[{"href":"https:\/\/www.firstcisl.it\/assicurazioni\/wp-json\/wp\/v2\/posts\/4398","targetHints":{"allow":["GET"]}}],"collection":[{"href":"https:\/\/www.firstcisl.it\/assicurazioni\/wp-json\/wp\/v2\/posts"}],"about":[{"href":"https:\/\/www.firstcisl.it\/assicurazioni\/wp-json\/wp\/v2\/types\/post"}],"author":[{"embeddable":true,"href":"https:\/\/www.firstcisl.it\/assicurazioni\/wp-json\/wp\/v2\/users\/55"}],"replies":[{"embeddable":true,"href":"https:\/\/www.firstcisl.it\/assicurazioni\/wp-json\/wp\/v2\/comments?post=4398"}],"version-history":[{"count":4,"href":"https:\/\/www.firstcisl.it\/assicurazioni\/wp-json\/wp\/v2\/posts\/4398\/revisions"}],"predecessor-version":[{"id":4403,"href":"https:\/\/www.firstcisl.it\/assicurazioni\/wp-json\/wp\/v2\/posts\/4398\/revisions\/4403"}],"wp:featuredmedia":[{"embeddable":true,"href":"https:\/\/www.firstcisl.it\/assicurazioni\/wp-json\/wp\/v2\/media\/4399"}],"wp:attachment":[{"href":"https:\/\/www.firstcisl.it\/assicurazioni\/wp-json\/wp\/v2\/media?parent=4398"}],"wp:term":[{"taxonomy":"category","embeddable":true,"href":"https:\/\/www.firstcisl.it\/assicurazioni\/wp-json\/wp\/v2\/categories?post=4398"},{"taxonomy":"post_tag","embeddable":true,"href":"https:\/\/www.firstcisl.it\/assicurazioni\/wp-json\/wp\/v2\/tags?post=4398"}],"curies":[{"name":"wp","href":"https:\/\/api.w.org\/{rel}","templated":true}]}}