{"id":420,"date":"2017-12-19T12:21:52","date_gmt":"2017-12-19T11:21:52","guid":{"rendered":"http:\/\/www.firstcisl.it\/assicurazioni\/?p=420"},"modified":"2017-12-19T12:23:52","modified_gmt":"2017-12-19T11:23:52","slug":"assicurativi-operativo-il-regolamento-per-i-lavoratori-delle-imprese-in-l-c-a","status":"publish","type":"post","link":"https:\/\/www.firstcisl.it\/assicurazioni\/assicurativi-operativo-il-regolamento-per-i-lavoratori-delle-imprese-in-l-c-a\/","title":{"rendered":"Assicurativi, operativo il regolamento per i lavoratori delle imprese in l.c.a."},"content":{"rendered":"<p>Finalmente, con la sottoscrizione del testo coordinato del ccnl Ania \u00a0\u00e8 operativo il regolamento, contenuto all\u2019interno del nuovo allegato 17, che prevede la riserva del 3% delle assunzioni annue riservata al personale licenziato dalle imprese in liquidazione coatta.<br \/>\n\u201cEra un atto dovuto \u2013 commenta Roberto Garibotti, segretario nazionale <a href=\"https:\/\/www.firstcisl.it\/\" target=\"_blank\" rel=\"noopener\">First Cisl<\/a> \u2013 nonch\u00e8 un impegno preso nei confronti dei colleghi pi\u00f9 sfortunati che, senza nessuna colpa, hanno perso il lavoro per responsabilit\u00e0 di sciagurate scelte delle aziende. Tale previsione, inoltre, va a sanare una storica mancanza del contratto nazionale cui, finalmente si \u00e8 posto rimedio\u201d. Per tali lavoratrici e lavoratori \u00e8 la fine di incubo.<\/p>\n<div class=\"gsp_post_data\" \r\n\t            data-post_type=\"post\" \r\n\t            data-cat=\"ania\" \r\n\t            data-modified=\"120\"\r\n\t            data-created=\"1513686112\"\r\n\t            data-title=\"Assicurativi, operativo il regolamento per i lavoratori delle imprese in l.c.a.\" \r\n\t            data-home=\"https:\/\/www.firstcisl.it\/assicurazioni\"><\/div>","protected":false},"excerpt":{"rendered":"<p>Finalmente, con la sottoscrizione del testo coordinato del ccnl Ania \u00a0\u00e8 operativo il regolamento, contenuto all\u2019interno del nuovo allegato 17, che prevede la riserva del 3% delle assunzioni annue riservata al personale licenziato dalle imprese in liquidazione coatta. \u201cEra un atto dovuto \u2013 commenta Roberto Garibotti, segretario nazionale First Cisl \u2013 nonch\u00e8 un impegno preso [&hellip;]<\/p>\n","protected":false},"author":17,"featured_media":421,"comment_status":"closed","ping_status":"closed","sticky":false,"template":"","format":"standard","meta":{"footnotes":""},"categories":[15],"tags":[17,16,18],"class_list":["post-420","post","type-post","status-publish","format-standard","has-post-thumbnail","hentry","category-ania","tag-ania","tag-assicurativi","tag-garibotti"],"_links":{"self":[{"href":"https:\/\/www.firstcisl.it\/assicurazioni\/wp-json\/wp\/v2\/posts\/420","targetHints":{"allow":["GET"]}}],"collection":[{"href":"https:\/\/www.firstcisl.it\/assicurazioni\/wp-json\/wp\/v2\/posts"}],"about":[{"href":"https:\/\/www.firstcisl.it\/assicurazioni\/wp-json\/wp\/v2\/types\/post"}],"author":[{"embeddable":true,"href":"https:\/\/www.firstcisl.it\/assicurazioni\/wp-json\/wp\/v2\/users\/17"}],"replies":[{"embeddable":true,"href":"https:\/\/www.firstcisl.it\/assicurazioni\/wp-json\/wp\/v2\/comments?post=420"}],"version-history":[{"count":1,"href":"https:\/\/www.firstcisl.it\/assicurazioni\/wp-json\/wp\/v2\/posts\/420\/revisions"}],"predecessor-version":[{"id":422,"href":"https:\/\/www.firstcisl.it\/assicurazioni\/wp-json\/wp\/v2\/posts\/420\/revisions\/422"}],"wp:featuredmedia":[{"embeddable":true,"href":"https:\/\/www.firstcisl.it\/assicurazioni\/wp-json\/wp\/v2\/media\/421"}],"wp:attachment":[{"href":"https:\/\/www.firstcisl.it\/assicurazioni\/wp-json\/wp\/v2\/media?parent=420"}],"wp:term":[{"taxonomy":"category","embeddable":true,"href":"https:\/\/www.firstcisl.it\/assicurazioni\/wp-json\/wp\/v2\/categories?post=420"},{"taxonomy":"post_tag","embeddable":true,"href":"https:\/\/www.firstcisl.it\/assicurazioni\/wp-json\/wp\/v2\/tags?post=420"}],"curies":[{"name":"wp","href":"https:\/\/api.w.org\/{rel}","templated":true}]}}