{"id":3703,"date":"2025-03-21T18:25:59","date_gmt":"2025-03-21T17:25:59","guid":{"rendered":"https:\/\/www.firstcisl.it\/assicurazioni\/?p=3703"},"modified":"2025-03-21T18:25:59","modified_gmt":"2025-03-21T17:25:59","slug":"manifestazione-del-28-marzo-first-cisl-unipol-lunita-sindacale-e-faticosa-ma-quasi-sempre-ci-aiuta-a-ottenere-di-piu","status":"publish","type":"post","link":"https:\/\/www.firstcisl.it\/assicurazioni\/manifestazione-del-28-marzo-first-cisl-unipol-lunita-sindacale-e-faticosa-ma-quasi-sempre-ci-aiuta-a-ottenere-di-piu\/","title":{"rendered":"Manifestazione del 28 marzo, First Cisl Unipol: l\u2019unit\u00e0 sindacale \u00e8 faticosa, ma quasi sempre ci aiuta a ottenere di pi\u00f9"},"content":{"rendered":"<p><em>Si riporta il <strong><a href=\"https:\/\/www.firstcisl.it\/gruppounipol\/wp-content\/uploads\/sites\/83\/2025\/03\/Comunicato_First_Cisl_Gruppo_Unipol_20250321_unita_sindacale_faticosa_ma_quasi_sempre_ci_aiuta_a_ottenere_di_piu.pdf\" target=\"_blank\" rel=\"noopener\">comunicato<\/a><\/strong> a firma della Rappresentanza sindacale <a href=\"https:\/\/www.firstcisl.it\/gruppounipol\/\" target=\"_blank\" rel=\"noopener\"><strong>First Cisl Gruppo Unipol<\/strong><\/a><\/em>:<\/p>\n<h3 style=\"text-align: center;\">Manifestazione del 28 marzo: l\u2019unit\u00e0 sindacale \u00e8 faticosa,<br \/>\nma quasi sempre ci aiuta a ottenere di pi\u00f9<\/h3>\n<p>Care colleghe e cari colleghi,<\/p>\n<p><span style=\"font-style: inherit; font-weight: inherit;\">come avete sicuramente letto, dopo una lunga e faticosa rincorsa, siamo riusciti a raggiungere un\u2019intesa unitaria, quasi unitaria, vista l\u2019autoesclusione della Fna, che non ha voluto convocare neanche le assemblee.<\/span><\/p>\n<p><span style=\"font-style: inherit; font-weight: inherit;\">Come ribadito anche durante le nostre di assemblee, in un contesto unitario bisogna cercare di\u00a0<strong>tenere insieme opinioni ed esigenze diverse<\/strong>.<\/span><\/p>\n<p><strong><span style=\"font-style: inherit; font-weight: inherit;\">La proposta della First Cisl<\/span><\/strong><span style=\"font-style: inherit; font-weight: inherit;\">\u00a0alle altre organizzazioni sindacali, frutto del nostro confronto assembleare,\u00a0<strong>\u00e8 stata quella di proclamare 2 ore di sciopero e 3 di assemblea,\u00a0<\/strong>in modo da consentire alla quasi totalit\u00e0 dei colleghi di\u00a0<strong>assentarsi per l\u2019intera giornata e di partecipare alla manifestazione<\/strong>.<\/span><\/p>\n<p><span style=\"font-style: inherit; font-weight: inherit;\">Ma le altre sigle avevano altri mandati,\u00a0<strong>pi\u00f9 che legittimi,<\/strong>\u00a0che non prevedevano l\u2019opzione sciopero.<\/span><\/p>\n<p><span style=\"font-style: inherit; font-weight: inherit;\">Come abbiamo sempre affermato, l\u2019unit\u00e0 sindacale pu\u00f2 essere faticosa, lenta, ma d\u00e0 quasi sempre la possibilit\u00e0 di\u00a0<strong>raggiungere con pi\u00f9 certezza i risultati<\/strong>.<\/span><\/p>\n<p><span style=\"font-style: inherit; font-weight: inherit;\">La soluzione delle 3 ore di assemblea ci d\u00e0 comunque\u00a0<strong>la possibilit\u00e0 di astenerci dal lavoro per il tempo dell\u2019assemblea,\u00a0pi\u00f9 quello necessario per raggiungere il luogo della manifestazione<\/strong>.\u00a0Ci d\u00e0 la possibilit\u00e0 di\u00a0<strong>partecipare alla manifestazione in massa<\/strong>, senza pesare sulle nostre tasche e di\u00a0<strong>mostrare al mondo la compattezza dei lavoratori Unipol<\/strong>\u00a0che manifestano apertamente il loro disagio, per\u00a0<strong>l\u2019assurdo e ingiusto comportamento aziendale<\/strong>.<\/span><\/p>\n<p><span style=\"font-style: inherit; font-weight: inherit;\">\u00c8 un\u2019enorme occasione per farlo, in un contesto ideale e <strong>senza il freno della perdita economica<\/strong>.<\/span><\/p>\n<ul>\n<li><span style=\"font-style: inherit; font-weight: inherit;\">Partecipare alle assemblee\/presidio \u00e8 <strong>IL SEGNALE<\/strong><\/span><span style=\"font-style: inherit; font-weight: inherit;\">.<\/span><\/li>\n<li><span style=\"font-style: inherit; font-weight: inherit;\">Mostrare alla stampa quanti siamo e quanto siamo indignati \u00e8 <strong>IL SEGNALE <\/strong><\/span><span style=\"font-style: inherit; font-weight: inherit;\">&#8211; non fare 1, 2, 3 ore di sciopero.<\/span><\/li>\n<li><span style=\"font-style: inherit; font-weight: inherit;\">\u00c8 mostrarlo, rivelarlo al mondo, <strong>IL<\/strong> <strong>SEGNALE<\/strong>.<\/span><\/li>\n<li><span style=\"font-style: inherit; font-weight: inherit;\">Far cadere quel velo d\u2019ipocrisia, che ancora questo Gruppo si ostina ad appiccicarsi in faccia, \u00e8<strong> IL SEGNALE<\/strong>.<\/span><\/li>\n<li><span style=\"font-style: inherit; font-weight: inherit;\">Esserci per affermare che vogliamo un rinnovo del Contratto integrativo aziendale (Cia) adeguato \u00e8 <strong>IL SEGNALE<\/strong><\/span>.<\/li>\n<\/ul>\n<p><strong><span style=\"font-style: inherit; font-weight: inherit;\">\u00c8 un\u2019occasione d\u2019oro per farlo<\/span><\/strong><span style=\"font-style: inherit; font-weight: inherit;\">\u00a0e dividersi, pensando di avere pi\u00f9 ragione degli altri, di voler fare pi\u00f9 degli altri, sarebbe solo un\u2019altra occasione persa.<\/span><\/p>\n<p><span style=\"font-style: inherit; font-weight: inherit;\">Lo sappiamo, per stare insieme e ottenere grandi vittorie e conquiste,\u00a0<strong>ognuno deve essere sia disposto a metterci qualcosa di suo sia a rinunciare a qualcosa di suo<\/strong>.<\/span><\/p>\n<p><span style=\"font-style: inherit; font-weight: inherit;\">Cos\u00ec come abbiamo fatto anche questa volta come organizzazione sindacale in nome di un obiettivo comune e nonostante le differenze.<\/span><\/p>\n<p><span style=\"font-style: inherit; font-weight: inherit;\">P.s: nei prossimi giorni saranno inviate le indicazioni operative, dalla casella unitaria.<\/span><\/p>\n<p>&nbsp;<\/p>\n<p><em>Bologna, 21 marzo 2025<\/em><\/p>\n<p style=\"text-align: center;\"><strong>la Rappresentanza sindacale<\/strong><br \/>\n<strong>First Cisl Gruppo Unipol<\/strong><\/p>\n<p>&nbsp;<\/p>\n<hr \/>\n<p><em>Qui il <strong><a href=\"https:\/\/www.firstcisl.it\/gruppounipol\/wp-content\/uploads\/sites\/83\/2025\/03\/Comunicato_First_Cisl_Gruppo_Unipol_20250321_unita_sindacale_faticosa_ma_quasi_sempre_ci_aiuta_a_ottenere_di_piu.pdf\" target=\"_blank\" rel=\"noopener\">comunicato<\/a><\/strong> a firma della Rappresentanza sindacale di First Cisl Gruppo Unipol<\/em><\/p>\n<p><em>Qui il\u00a0<strong><a href=\"https:\/\/www.firstcisl.it\/gruppounipol\/2025\/03\/21\/unipol-siamo-noi-per-un-piano-industriale-con-al-centro-chi-lavora\/\" target=\"_blank\" rel=\"noopener\">comunicato unitario<\/a><\/strong> a firma delle Rappresentanze sindacali First Cisl, Fisac Cgil, Snfia e Uilca Uil del Gruppo Unipol<\/em><\/p>\n<p><em>Vai al sito di <strong><a href=\"https:\/\/www.firstcisl.it\/gruppounipol\/\" target=\"_blank\" rel=\"noopener\">First Cisl Gruppo Unipol<\/a><\/strong><\/em><\/p>\n<p>&nbsp;<\/p>\n<div class=\"gsp_post_data\" \r\n\t            data-post_type=\"post\" \r\n\t            data-cat=\"aziende-e-territori\" \r\n\t            data-modified=\"120\"\r\n\t            data-created=\"1742581559\"\r\n\t            data-title=\"Manifestazione del 28 marzo, First Cisl Unipol: l\u2019unit\u00e0 sindacale \u00e8 faticosa, ma quasi sempre ci aiuta a ottenere di pi\u00f9\" \r\n\t            data-home=\"https:\/\/www.firstcisl.it\/assicurazioni\"><\/div>","protected":false},"excerpt":{"rendered":"<p>Si riporta il comunicato a firma della Rappresentanza sindacale First Cisl Gruppo Unipol: Manifestazione del 28 marzo: l\u2019unit\u00e0 sindacale \u00e8 faticosa, ma quasi sempre ci aiuta a ottenere di pi\u00f9 Care colleghe e cari colleghi, come avete sicuramente letto, dopo una lunga e faticosa rincorsa, siamo riusciti a raggiungere un\u2019intesa unitaria, quasi unitaria, vista l\u2019autoesclusione [&hellip;]<\/p>\n","protected":false},"author":55,"featured_media":3704,"comment_status":"closed","ping_status":"closed","sticky":false,"template":"","format":"standard","meta":{"footnotes":""},"categories":[62],"tags":[308,22,315,209,91,83,23],"class_list":["post-3703","post","type-post","status-publish","format-standard","has-post-thumbnail","hentry","category-aziende-e-territori","tag-assemblee","tag-comunicati-stampa","tag-comunicato-first-cisl","tag-gruppo-unipol","tag-manifestazione","tag-sciopero","tag-unipol"],"_links":{"self":[{"href":"https:\/\/www.firstcisl.it\/assicurazioni\/wp-json\/wp\/v2\/posts\/3703","targetHints":{"allow":["GET"]}}],"collection":[{"href":"https:\/\/www.firstcisl.it\/assicurazioni\/wp-json\/wp\/v2\/posts"}],"about":[{"href":"https:\/\/www.firstcisl.it\/assicurazioni\/wp-json\/wp\/v2\/types\/post"}],"author":[{"embeddable":true,"href":"https:\/\/www.firstcisl.it\/assicurazioni\/wp-json\/wp\/v2\/users\/55"}],"replies":[{"embeddable":true,"href":"https:\/\/www.firstcisl.it\/assicurazioni\/wp-json\/wp\/v2\/comments?post=3703"}],"version-history":[{"count":1,"href":"https:\/\/www.firstcisl.it\/assicurazioni\/wp-json\/wp\/v2\/posts\/3703\/revisions"}],"predecessor-version":[{"id":3705,"href":"https:\/\/www.firstcisl.it\/assicurazioni\/wp-json\/wp\/v2\/posts\/3703\/revisions\/3705"}],"wp:featuredmedia":[{"embeddable":true,"href":"https:\/\/www.firstcisl.it\/assicurazioni\/wp-json\/wp\/v2\/media\/3704"}],"wp:attachment":[{"href":"https:\/\/www.firstcisl.it\/assicurazioni\/wp-json\/wp\/v2\/media?parent=3703"}],"wp:term":[{"taxonomy":"category","embeddable":true,"href":"https:\/\/www.firstcisl.it\/assicurazioni\/wp-json\/wp\/v2\/categories?post=3703"},{"taxonomy":"post_tag","embeddable":true,"href":"https:\/\/www.firstcisl.it\/assicurazioni\/wp-json\/wp\/v2\/tags?post=3703"}],"curies":[{"name":"wp","href":"https:\/\/api.w.org\/{rel}","templated":true}]}}