{"id":3329,"date":"2024-11-26T11:21:07","date_gmt":"2024-11-26T10:21:07","guid":{"rendered":"https:\/\/www.firstcisl.it\/assicurazioni\/?p=3329"},"modified":"2024-11-26T15:23:57","modified_gmt":"2024-11-26T14:23:57","slug":"atradius-accordo-sullaccesso-alle-prestazioni-del-fondo-di-solidarieta","status":"publish","type":"post","link":"https:\/\/www.firstcisl.it\/assicurazioni\/atradius-accordo-sullaccesso-alle-prestazioni-del-fondo-di-solidarieta\/","title":{"rendered":"Atradius, accordo sull&#8217;accesso alle prestazioni del Fondo di solidariet\u00e0"},"content":{"rendered":"<p><em>Riportiamo il <strong><a href=\"https:\/\/www.firstcisl.it\/assicurazioni\/wp-content\/uploads\/sites\/5\/2024\/11\/Atradius_Credito_y_Caucion_20241126_accesso_fondo_solidarieta.pdf\" target=\"_blank\" rel=\"noopener\">comunicato unitario<\/a><\/strong> delle Segreterie territoriali e delle Rappresentanze sindacali aziendali Fisac Cgil, First Cisl, Fna e Uilca di Atradius Credito y Caucion:<\/em><\/p>\n<p class=\"p1\">In data odierna le organizzazioni sindacali di Atradius Credito y Caucion Roma e Milano in presenza delle rispettive rappresentanze territoriali si sono incontrate con l\u2019azienda per proseguire la discussione con apertura della procedura ex articolo 16 del Contratto collettivo nazionale di lavoro (Ccnl) del ramo cauzioni.<\/p>\n<p class=\"p1\">L\u2019azienda ci ha informato che due collaboratori hanno manifestato la volont\u00e0 di accedere al Fondo di solidariet\u00e0 ed il terzo andr\u00e0 in pensione entro il corrente anno.<\/p>\n<p class=\"p1\">L\u2019ipotesi di accordo sindacale raggiunto oggi contempla i seguenti punti:<\/p>\n<ul>\n<li class=\"p1\">l\u2019incentivo all\u2019esodo erogato dall\u2019azienda per chi accede al Fondo sar\u00e0 costituito da una somma onnicomprensiva lorda tale da comprendere le differenze di importo tra l\u2019assegno erogato dall\u2019Istituto nazionale della previdenza sociale (Inps) e la pensione definitiva<\/li>\n<li class=\"p1\">Atradius riconoscer\u00e0 al collaboratore il Premio aziendale variabile (Pav) e il Premio aziendale di risultato (Paris) maturati nel 2024<\/li>\n<li class=\"p1\">Atradius garantir\u00e0 la copertura sanitaria prevista dal Contratto integrativo aziendale (Cia) per il periodo di permanenza nel Fondo<\/li>\n<\/ul>\n<p class=\"p1\"><em>Roma\/Milano, 21 novembre 2024<\/em><\/p>\n<article class=\"post post-3303 type-post status-publish format-standard has-post-thumbnail hentry category-aziende-e-territori tag-atradius-credito-y-caucion tag-comunicati-stampa tag-comunicato-unitario tag-fondo-assicurativo tag-ramo-cauzioni\">\n<div class=\"entry-content\"><\/div>\n<footer class=\"entry-footer\">\n<div class=\"post-sharing-buttons\">\n<div class=\"btn-group\">\n<p style=\"text-align: center;\"><strong>le Segreterie territoriali di Atradius Credito y Caucion<\/strong><br \/>\n<strong>Fisac Cgil\u00a0 \u00a0&#8211;\u00a0 \u00a0First Cisl\u00a0 \u00a0&#8211;\u00a0 \u00a0Fna\u00a0 \u00a0&#8211;\u00a0 \u00a0Uilca<\/strong><\/p>\n<p style=\"text-align: center;\"><strong>le Rappresentanze sindacali aziendali di Atradius Credito y Caucion<\/strong><br \/>\n<strong>Fisac Cgil\u00a0 \u00a0&#8211;\u00a0 \u00a0First Cisl\u00a0 \u00a0&#8211;\u00a0 \u00a0Fna\u00a0 \u00a0&#8211;\u00a0 \u00a0Uilca<\/strong><\/p>\n<p>&nbsp;<\/p>\n<hr \/>\n<p class=\"p2\" style=\"text-align: left;\">Qui il <strong><a href=\"https:\/\/www.firstcisl.it\/assicurazioni\/wp-content\/uploads\/sites\/5\/2024\/11\/Atradius_Credito_y_Caucion_20241126_accesso_fondo_solidarieta.pdf\" target=\"_blank\" rel=\"noopener\">comunicato unitario<\/a><\/strong> delle Segreterie territoriali e delle Rappresentanze sindacali aziendali Fisac Cgil, First Cisl, Fna e Uilca di Atradius Credito y Caucion<\/p>\n<p>Qui l&#8217;<strong><a href=\"https:\/\/www.firstcisl.it\/assicurazioni\/wp-content\/uploads\/sites\/5\/2024\/11\/accordo_Atradius_20241119_accesso_fondo_solidarieta.pdf\" target=\"_blank\" rel=\"noopener\">accordo<\/a><\/strong> sull&#8217;acceso alle prestazioni del Fondo di solidariet\u00e0<\/p>\n<\/div>\n<\/div>\n<\/footer>\n<\/article>\n<p class=\"p2\">\n<div class=\"gsp_post_data\" \r\n\t            data-post_type=\"post\" \r\n\t            data-cat=\"aziende-e-territori\" \r\n\t            data-modified=\"120\"\r\n\t            data-created=\"1732620067\"\r\n\t            data-title=\"Atradius, accordo sull&#8217;accesso alle prestazioni del Fondo di solidariet\u00e0\" \r\n\t            data-home=\"https:\/\/www.firstcisl.it\/assicurazioni\"><\/div>","protected":false},"excerpt":{"rendered":"<p>Riportiamo il comunicato unitario delle Segreterie territoriali e delle Rappresentanze sindacali aziendali Fisac Cgil, First Cisl, Fna e Uilca di Atradius Credito y Caucion: In data odierna le organizzazioni sindacali di Atradius Credito y Caucion Roma e Milano in presenza delle rispettive rappresentanze territoriali si sono incontrate con l\u2019azienda per proseguire la discussione con apertura [&hellip;]<\/p>\n","protected":false},"author":55,"featured_media":3281,"comment_status":"closed","ping_status":"closed","sticky":false,"template":"","format":"standard","meta":{"footnotes":""},"categories":[62],"tags":[63,58,302,297,114,296,303],"class_list":["post-3329","post","type-post","status-publish","format-standard","has-post-thumbnail","hentry","category-aziende-e-territori","tag-comunicato-stampa","tag-comunicato-unitario","tag-esodo","tag-fondo-assicurativo","tag-fondo-di-solidarieta","tag-ramo-cauzioni","tag-rimuovi-il-termine-atradius-credito-y-caucion-atradius-credito-y-caucion"],"_links":{"self":[{"href":"https:\/\/www.firstcisl.it\/assicurazioni\/wp-json\/wp\/v2\/posts\/3329","targetHints":{"allow":["GET"]}}],"collection":[{"href":"https:\/\/www.firstcisl.it\/assicurazioni\/wp-json\/wp\/v2\/posts"}],"about":[{"href":"https:\/\/www.firstcisl.it\/assicurazioni\/wp-json\/wp\/v2\/types\/post"}],"author":[{"embeddable":true,"href":"https:\/\/www.firstcisl.it\/assicurazioni\/wp-json\/wp\/v2\/users\/55"}],"replies":[{"embeddable":true,"href":"https:\/\/www.firstcisl.it\/assicurazioni\/wp-json\/wp\/v2\/comments?post=3329"}],"version-history":[{"count":2,"href":"https:\/\/www.firstcisl.it\/assicurazioni\/wp-json\/wp\/v2\/posts\/3329\/revisions"}],"predecessor-version":[{"id":3334,"href":"https:\/\/www.firstcisl.it\/assicurazioni\/wp-json\/wp\/v2\/posts\/3329\/revisions\/3334"}],"wp:featuredmedia":[{"embeddable":true,"href":"https:\/\/www.firstcisl.it\/assicurazioni\/wp-json\/wp\/v2\/media\/3281"}],"wp:attachment":[{"href":"https:\/\/www.firstcisl.it\/assicurazioni\/wp-json\/wp\/v2\/media?parent=3329"}],"wp:term":[{"taxonomy":"category","embeddable":true,"href":"https:\/\/www.firstcisl.it\/assicurazioni\/wp-json\/wp\/v2\/categories?post=3329"},{"taxonomy":"post_tag","embeddable":true,"href":"https:\/\/www.firstcisl.it\/assicurazioni\/wp-json\/wp\/v2\/tags?post=3329"}],"curies":[{"name":"wp","href":"https:\/\/api.w.org\/{rel}","templated":true}]}}