{"id":2545,"date":"2023-10-25T16:45:17","date_gmt":"2023-10-25T14:45:17","guid":{"rendered":"https:\/\/www.firstcisl.it\/assicurazioni\/?p=2545"},"modified":"2023-10-25T17:12:12","modified_gmt":"2023-10-25T15:12:12","slug":"eurovita-raggiunto-laccordo-sulla-cessione-del-ramo-dazienda-tutelati-i-lavoratori","status":"publish","type":"post","link":"https:\/\/www.firstcisl.it\/assicurazioni\/eurovita-raggiunto-laccordo-sulla-cessione-del-ramo-dazienda-tutelati-i-lavoratori\/","title":{"rendered":"Eurovita, raggiunto l&#8217;accordo sulla cessione del ramo d&#8217;azienda. Tutelati i lavoratori"},"content":{"rendered":"<p>Di seguito il <a href=\"https:\/\/www.firstcisl.it\/assicurazioni\/wp-content\/uploads\/sites\/5\/2023\/10\/20231024-Eurovita-Comunicato-accordo.pdf\" target=\"_blank\" rel=\"noopener\">comunicato unitario<\/a> delle Rappresentanze sindacali aziendali First Cisl, Fisac Cgil, Fna, Snfia e Uilca di Eurovita:<\/p>\n<p>Oggi, 24 ottobre, si \u00e8 conclusa la procedura articolo 47 della Legge 428\/90 (trasferimento ramo d\u2019azienda) ed articolo 15 del Contratto collettivo nazionale di lavoro Ania (riorganizzazione aziendale) con la firma dell\u2019accordo che prevede la continuit\u00e0 dei rapporti di lavoro di tutto il personale dipendente nel passaggio da Eurovita a Cronos Vita Assicurazioni, ai sensi dell&#8217;articolo 2112 del Codice civile.<\/p>\n<p>L\u2019accordo inoltre prevede che alla cessazione di Cronos tutti i rapporti di lavoro seguiranno i rami aziendali che saranno allocati nelle diverse societ\u00e0 proprietarie.<\/p>\n<p>Tale accordo prevede anche la garanzia che fino alla scadenza di Cronos saranno salvaguardati i livelli occupazionali attraverso gli strumenti della riqualificazione professionale, eventuali distacchi e fungibilit\u00e0 come previsto dal nostro Ccnl, con l\u2019impegno aziendale ad escludere il ricorso ai licenziamenti collettivi.<\/p>\n<p>Contestualmente \u00e8 previsto che a gennaio 2024 avverr\u00e0 la chiusura del Fondo pensione dipendenti e dirigenti di Eurovita con la possibilit\u00e0 di trasferimento delle posizioni previdenziali individuali, con una compensazione economica, ad una forma previdenziale complementare indipendente individuata in Previp.<\/p>\n<p>In ultimo, abbiamo raggiunto un accordo sul premio di produzione variabile aziendale 2023 in linea con le previsioni del Contratto integrativo aziendale.<\/p>\n<p>Stante la critica e complessa situazione di Eurovita, le rappresentanze sindacali aziendali e le organizzazioni sindacali esprimono soddisfazione per l\u2019importante accordo raggiunto che tutela sia l\u2019occupazione sia i livelli retributivi.<\/p>\n<p>Convocheremo a breve un\u2019assemblea unitaria dei lavoratori per illustrare i contenuti dell\u2019accordo.<\/p>\n<p><em>Milano, 24 ottobre 2023<\/em><\/p>\n<p style=\"text-align: center\"><strong>Le Rappresentanze sindacali aziendali Eurovita ed Eurovita Holding<\/strong><br \/>\n<strong>First Cisl \u00a0 &#8211; \u00a0 Fisac Cgil \u00a0 &#8211; \u00a0 Fna \u00a0 &#8211; \u00a0 Snfia \u00a0 &#8211; \u00a0 Uilca<\/strong><\/p>\n<hr \/>\n<p>Il <strong><a href=\"https:\/\/www.firstcisl.it\/assicurazioni\/wp-content\/uploads\/sites\/5\/2023\/10\/20231024-Eurovita-Comunicato-accordo.pdf\" target=\"_blank\" rel=\"noopener\">comunicato unitario<\/a><\/strong> delle Rappresentanze sindacali aziendali First Cisl, Fisac Cgil, Fna, Snfia e Uilca di Eurovita<\/p>\n<p>&nbsp;<\/p>\n<p><strong>Allegati:<\/strong><\/p>\n<ul>\n<li><a href=\"https:\/\/www.firstcisl.it\/assicurazioni\/wp-content\/uploads\/sites\/5\/2023\/10\/VERBALE-DI-INTESA-BONUS-UT-WELFARE.pdf\" target=\"_blank\" rel=\"noopener\"><strong>Verbale di intesa Bonus ut welfare<\/strong><\/a><\/li>\n<li><a href=\"https:\/\/www.firstcisl.it\/assicurazioni\/wp-content\/uploads\/sites\/5\/2023\/10\/VERBALE-DI-ESPERITA-PROCEDURA-EX-ART-47-L-428-90-e-art.-15-CCNL.pdf\" target=\"_blank\" rel=\"noopener\"><strong>Verbale di esperita procedura Ex-art. 47 L. 428-90 e Art. 15 Ccnl<\/strong><\/a><\/li>\n<li><strong><a href=\"https:\/\/www.firstcisl.it\/assicurazioni\/wp-content\/uploads\/sites\/5\/2023\/10\/VERBALE-DI-ACCORDO-FONDO-PREVIDENZA-CRONOS-24-10-23.pdf\" target=\"_blank\" rel=\"noopener\">Verbale di accordo Fondo previdenza Cronos<\/a><\/strong><\/li>\n<li><strong><a href=\"https:\/\/www.firstcisl.it\/assicurazioni\/wp-content\/uploads\/sites\/5\/2023\/10\/NOTA-AL-VERBALE-DI-ESAME-CONGIUNTO-DEL-24-10-23.pdf\" target=\"_blank\" rel=\"noopener\">Nota al verbale di esame congiunto<\/a><\/strong><\/li>\n<\/ul>\n<div class=\"gsp_post_data\" \r\n\t            data-post_type=\"post\" \r\n\t            data-cat=\"aziende-e-territori\" \r\n\t            data-modified=\"120\"\r\n\t            data-created=\"1698252317\"\r\n\t            data-title=\"Eurovita, raggiunto l&#8217;accordo sulla cessione del ramo d&#8217;azienda. Tutelati i lavoratori\" \r\n\t            data-home=\"https:\/\/www.firstcisl.it\/assicurazioni\"><\/div>","protected":false},"excerpt":{"rendered":"<p>Di seguito il comunicato unitario delle Rappresentanze sindacali aziendali First Cisl, Fisac Cgil, Fna, Snfia e Uilca di Eurovita: Oggi, 24 ottobre, si \u00e8 conclusa la procedura articolo 47 della Legge 428\/90 (trasferimento ramo d\u2019azienda) ed articolo 15 del Contratto collettivo nazionale di lavoro Ania (riorganizzazione aziendale) con la firma dell\u2019accordo che prevede la continuit\u00e0 [&hellip;]<\/p>\n","protected":false},"author":88,"featured_media":1935,"comment_status":"closed","ping_status":"closed","sticky":false,"template":"","format":"standard","meta":{"footnotes":""},"categories":[62],"tags":[61,141,137,200,169],"class_list":["post-2545","post","type-post","status-publish","format-standard","has-post-thumbnail","hentry","category-aziende-e-territori","tag-accordo","tag-cessione","tag-comunicati","tag-cronos","tag-eurovita"],"_links":{"self":[{"href":"https:\/\/www.firstcisl.it\/assicurazioni\/wp-json\/wp\/v2\/posts\/2545","targetHints":{"allow":["GET"]}}],"collection":[{"href":"https:\/\/www.firstcisl.it\/assicurazioni\/wp-json\/wp\/v2\/posts"}],"about":[{"href":"https:\/\/www.firstcisl.it\/assicurazioni\/wp-json\/wp\/v2\/types\/post"}],"author":[{"embeddable":true,"href":"https:\/\/www.firstcisl.it\/assicurazioni\/wp-json\/wp\/v2\/users\/88"}],"replies":[{"embeddable":true,"href":"https:\/\/www.firstcisl.it\/assicurazioni\/wp-json\/wp\/v2\/comments?post=2545"}],"version-history":[{"count":7,"href":"https:\/\/www.firstcisl.it\/assicurazioni\/wp-json\/wp\/v2\/posts\/2545\/revisions"}],"predecessor-version":[{"id":2563,"href":"https:\/\/www.firstcisl.it\/assicurazioni\/wp-json\/wp\/v2\/posts\/2545\/revisions\/2563"}],"wp:featuredmedia":[{"embeddable":true,"href":"https:\/\/www.firstcisl.it\/assicurazioni\/wp-json\/wp\/v2\/media\/1935"}],"wp:attachment":[{"href":"https:\/\/www.firstcisl.it\/assicurazioni\/wp-json\/wp\/v2\/media?parent=2545"}],"wp:term":[{"taxonomy":"category","embeddable":true,"href":"https:\/\/www.firstcisl.it\/assicurazioni\/wp-json\/wp\/v2\/categories?post=2545"},{"taxonomy":"post_tag","embeddable":true,"href":"https:\/\/www.firstcisl.it\/assicurazioni\/wp-json\/wp\/v2\/tags?post=2545"}],"curies":[{"name":"wp","href":"https:\/\/api.w.org\/{rel}","templated":true}]}}