{"id":1434,"date":"2022-06-10T16:16:13","date_gmt":"2022-06-10T14:16:13","guid":{"rendered":"https:\/\/www.firstcisl.it\/assicurazioni\/?p=1434"},"modified":"2022-06-10T16:16:13","modified_gmt":"2022-06-10T14:16:13","slug":"zurich-accordi-su-cessione-ramo-dazienda-e-fondo-pensione","status":"publish","type":"post","link":"https:\/\/www.firstcisl.it\/assicurazioni\/zurich-accordi-su-cessione-ramo-dazienda-e-fondo-pensione\/","title":{"rendered":"Zurich, accordi su cessione ramo d&#8217;azienda e Fondo pensione"},"content":{"rendered":"<p><a href=\"https:\/\/www.firstcisl.it\/assicurazioni\/wp-content\/uploads\/sites\/5\/2022\/06\/20220610_Zurich_Comunicato.pdf\" target=\"_blank\" rel=\"noopener noreferrer\">Comunicato unitario di First Cisl, Fisac Cgil, Fna, Snfia e Uilca<\/a>:<\/p>\n<p>Care colleghe, cari colleghi,<\/p>\n<p>nella notte tra il 7 e l\u20198 giugno u.s. sono stati firmati due importanti accordi sindacali, i cui testi troverete allegati al presente comunicato.<\/p>\n<p><strong>Il primo accordo,<\/strong> sottoscritto tra le organizzazioni sindacali, Zurich Investment Life e GamaLife, riguarda l\u2019ormai nota <strong>cessione di ramo d\u2019azienda<\/strong> che, subordinatamente all\u2019ottenimento delle approvazioni e autorizzazioni di IVASS e dell\u2019autorit\u00e0 di sorveglianza portoghese, dovrebbe concretizzarsi entro la fine del 2022 e che inizialmente riguardava 78 lavoratrici e lavoratori, 51 dei quali sono poi stati esclusi in fase di trattativa.<\/p>\n<p>Tra i punti salienti \u00e8 prevista l\u2019erogazione di un importo pari a 18 mensilit\u00e0 della retribuzione annua lorda alle colleghe e ai colleghi che decideranno di trasferirsi in modo consensuale in GamaLife, la vigenza del CIA Zurich fino al 31 dicembre 2023, il mantenimento fino al 31\/12\/2025 delle polizze infortuni, malattia, sanitaria e TCM, l\u2019erogazione del buono pasto e del contributo aziendale al fondo pensione (presso il quale, previo consenso del Fondo stesso, i colleghi interessati potranno mantenere in essere la propria posizione).<\/p>\n<p>Viene, inoltre, confermato l\u2019impegno di GamaLife a mantenere la sede di lavoro presso il comune di Milano fino al 31 dicembre 2024.<br \/>\nQualora il numero di adesioni consensuali non fosse tale da garantire la piena operativit\u00e0 e funzionalit\u00e0 del ramo, le Parti si sono riservate di incontrarsi nuovamente per riesaminare la situazione, nei termini previsti dal documento allegato.<\/p>\n<p><strong>Il secondo accordo<\/strong>, firmato tra le organizzazioni sindacali e le aziende del Gruppo Zurich, riguarda invece il <strong>Fondo Pensione Dipendenti<\/strong>.<\/p>\n<p>Come potrete leggere, Zurich Investment Life si \u00e8 impegnata a proporre al Fondo stesso la stipula di una nuova convenzione assicurativa per la gestione dei contributi che verranno versati dagli aderenti a decorrere dal 1\u00b0 gennaio 2023, sulla falsariga delle condizioni attualmente previste nella convenzione in vigore, oggetto, insieme alla gestione separata Zurich Style, del trasferimento del ramo d\u2019azienda a GamaLife.<\/p>\n<p>Allo stesso modo, abbiamo convenuto che le societ\u00e0 del Gruppo Zurich, a partire sempre dal 1\u00b0 gennaio p.v. aumenteranno il contributo datoriale al Fondo Pensione Dipendenti dello 0,5%, facendo s\u00ec che il contributo passi dal 5,8% previsto dal Contratto Integrativo Aziendale al 6,3%, senza alcun impatto rispetto alla futura contrattazione del CIA.<\/p>\n<p>Concludendo, riteniamo che il risultato raggiunto, dopo pi\u00f9 di due mesi di difficile trattativa, possa ritenersi complessivamente pi\u00f9 che soddisfacente, viste le oggettive difficolt\u00e0 legate ad un confronto sindacale nei termini della procedura prevista dall\u2019articolo 47 della legge 428\/90. Un confronto che \u00e8 perdurato ben oltre i termini previsti, vista la forte volont\u00e0 da parte sindacale di addivenire a soluzioni condivise e provare fino all\u2019ultimo ad evitare forzature unilaterali, nell\u2019interesse delle lavoratrici e dei lavoratori di Zurich.<\/p>\n<p style=\"text-align: center;\"><strong>le Rappresentanze sindacali aziendali<\/strong><br \/>\n<strong>First Cisl \u00a0 &#8211; \u00a0\u00a0Fisac Cgil \u00a0 &#8211; \u00a0 Fna \u00a0 &#8211; \u00a0 Uilca<br \/>\n<\/strong><br \/>\n<strong>le Segreterie territoriali<\/strong><br \/>\n<strong>First Cisl \u00a0 &#8211; \u00a0\u00a0Fisac Cgil \u00a0 &#8211; \u00a0 Fna \u00a0 &#8211; \u00a0 Snfia \u00a0 &#8211; \u00a0 Uilca<\/strong><\/p>\n<hr \/>\n<p>Il <strong><a href=\"https:\/\/www.firstcisl.it\/assicurazioni\/wp-content\/uploads\/sites\/5\/2022\/06\/20220610_Zurich_Comunicato.pdf\" target=\"_blank\" rel=\"noopener noreferrer\">comunicato unitario<\/a><\/strong> di First Cisl, Fisac Cgil, Fna, Snfia e Uilca<\/p>\n<p>L&#8217;<strong><a href=\"https:\/\/www.firstcisl.it\/assicurazioni\/wp-content\/uploads\/sites\/5\/2022\/06\/20220607_Zurich_Accordo_Gamalife.pdf\" target=\"_blank\" rel=\"noopener noreferrer\">accordo<\/a><\/strong> su cessione di ramo d&#8217;azienda<\/p>\n<p>L&#8217;<strong><a href=\"https:\/\/www.firstcisl.it\/assicurazioni\/wp-content\/uploads\/sites\/5\/2022\/06\/20220607_Zurich_Accordo_Fondo_Pensione.pdf\" target=\"_blank\" rel=\"noopener noreferrer\">accordo<\/a><\/strong> su fondo pensione dipendenti<\/p>\n<p>&nbsp;<\/p>\n<div class=\"gsp_post_data\" \r\n\t            data-post_type=\"post\" \r\n\t            data-cat=\"aziende-e-territori\" \r\n\t            data-modified=\"120\"\r\n\t            data-created=\"1654877773\"\r\n\t            data-title=\"Zurich, accordi su cessione ramo d&#8217;azienda e Fondo pensione\" \r\n\t            data-home=\"https:\/\/www.firstcisl.it\/assicurazioni\"><\/div>","protected":false},"excerpt":{"rendered":"<p>Comunicato unitario di First Cisl, Fisac Cgil, Fna, Snfia e Uilca: Care colleghe, cari colleghi, nella notte tra il 7 e l\u20198 giugno u.s. sono stati firmati due importanti accordi sindacali, i cui testi troverete allegati al presente comunicato. Il primo accordo, sottoscritto tra le organizzazioni sindacali, Zurich Investment Life e GamaLife, riguarda l\u2019ormai nota [&hellip;]<\/p>\n","protected":false},"author":88,"featured_media":1098,"comment_status":"closed","ping_status":"closed","sticky":false,"template":"","format":"standard","meta":{"footnotes":""},"categories":[62],"tags":[61,141,22,140,78],"class_list":["post-1434","post","type-post","status-publish","format-standard","has-post-thumbnail","hentry","category-aziende-e-territori","tag-accordo","tag-cessione","tag-comunicati-stampa","tag-fondo-pensione","tag-zurich"],"_links":{"self":[{"href":"https:\/\/www.firstcisl.it\/assicurazioni\/wp-json\/wp\/v2\/posts\/1434","targetHints":{"allow":["GET"]}}],"collection":[{"href":"https:\/\/www.firstcisl.it\/assicurazioni\/wp-json\/wp\/v2\/posts"}],"about":[{"href":"https:\/\/www.firstcisl.it\/assicurazioni\/wp-json\/wp\/v2\/types\/post"}],"author":[{"embeddable":true,"href":"https:\/\/www.firstcisl.it\/assicurazioni\/wp-json\/wp\/v2\/users\/88"}],"replies":[{"embeddable":true,"href":"https:\/\/www.firstcisl.it\/assicurazioni\/wp-json\/wp\/v2\/comments?post=1434"}],"version-history":[{"count":3,"href":"https:\/\/www.firstcisl.it\/assicurazioni\/wp-json\/wp\/v2\/posts\/1434\/revisions"}],"predecessor-version":[{"id":1440,"href":"https:\/\/www.firstcisl.it\/assicurazioni\/wp-json\/wp\/v2\/posts\/1434\/revisions\/1440"}],"wp:featuredmedia":[{"embeddable":true,"href":"https:\/\/www.firstcisl.it\/assicurazioni\/wp-json\/wp\/v2\/media\/1098"}],"wp:attachment":[{"href":"https:\/\/www.firstcisl.it\/assicurazioni\/wp-json\/wp\/v2\/media?parent=1434"}],"wp:term":[{"taxonomy":"category","embeddable":true,"href":"https:\/\/www.firstcisl.it\/assicurazioni\/wp-json\/wp\/v2\/categories?post=1434"},{"taxonomy":"post_tag","embeddable":true,"href":"https:\/\/www.firstcisl.it\/assicurazioni\/wp-json\/wp\/v2\/tags?post=1434"}],"curies":[{"name":"wp","href":"https:\/\/api.w.org\/{rel}","templated":true}]}}