{"id":1293,"date":"2022-03-15T18:57:30","date_gmt":"2022-03-15T17:57:30","guid":{"rendered":"https:\/\/www.firstcisl.it\/assicurazioni\/?p=1293"},"modified":"2022-03-15T19:01:11","modified_gmt":"2022-03-15T18:01:11","slug":"compagnia-diretta-verti-nessuna-intesa","status":"publish","type":"post","link":"https:\/\/www.firstcisl.it\/assicurazioni\/compagnia-diretta-verti-nessuna-intesa\/","title":{"rendered":"Compagnia diretta Verti, nessuna intesa"},"content":{"rendered":"<p><a href=\"https:\/\/www.firstcisl.it\/assicurazioni\/wp-content\/uploads\/sites\/5\/2022\/03\/VERTI-COMUNICATO-NAZIONALE-SU-MANCATA-INTESA-20220315.pdf\" target=\"_blank\" rel=\"noopener noreferrer\">Comunicato unitario<\/a> delle Segreterie nazionali di First Cisl, Fisac Cgil, Fna, Snfia e Uilca:<\/p>\n<h4>Compagnia diretta Verti: nessuna intesa!<\/h4>\n<p>Mentre sui quotidiani leggiamo che i Ministri del lavoro di Italia e Spagna hanno condiviso un\u2019importante proposta, portata al tavolo di lavoro Ue nella giornata del 14 marzo u.s, che consentirebbe ai Paesi di \u201cattenuare gli impatti sull\u2019occupazione\u201d nel momento in cui le transazioni ecologica e digitale rischiano di bruciare centinaia di migliaia di posti di lavoro, il Gruppo Assicurativo spagnolo Mapfre, con la Compagnia diretta Verti, in Italia va in direzione opposta:<\/p>\n<p>apertura delle procedure previste dagli articoli 15 e 16 del Ccnl Ania per rilevante ristrutturazione aziendale con esternalizzazione di tutte le attivit\u00e0 di contact center\/back office e dichiarazione di 325 esuberi con et\u00e0 media sotto i 45 anni.\u00a0Tale decisione \u00e8 stata motivata dall\u2019Azienda da fattori di contesto che impongono di rivedere i modelli organizzativi\/operativi.<\/p>\n<p>Sono per\u00f2 gli stessi fattori di contesto in cui altri competitor chiudono l\u2019esercizio in linea con i target e si preparano a raggiungere nuovi traguardi con gli Agenti e i Broker della loro rete distributiva nazionale, con la diversificazione dei prodotti offerti alla clientela, e che hanno visto crescere i volumi e i clienti attivi nel corso del 2021.<\/p>\n<p>Complessivamente le Compagnie dirette funzionano, non si rilevano problemi di settore o di fase; esistono semmai problemi di scelte industriali sbagliate e poco lungimiranti per le quali non devono certo pagare i 325 dipendenti di Verti e le loro famiglie!<\/p>\n<p>In questo quadro le Segreterie nazionali scriventi erano prontamente intervenute, con approccio responsabile e costruttivo, per definire con l\u2019azienda un quadro di riferimento socialmente sostenibile per favorire un negoziato con le rappresentanze aziendali, che tuttavia non ha prodotto esiti positivi per le lavoratrici e i lavoratori coinvolti, vista la rigidit\u00e0 delle posizioni aziendali rispetto al quadro negoziale di riferimento.<\/p>\n<p>Le Segreterie nazionali hanno anche chiesto formalmente ad Ania di farsi parte attiva presso la Compagnia Verti rispetto al progetto aziendale, in palese contrasto con lo spirito e le previsioni dell\u2019area contrattuale del Ccnl Ania e con le logiche del sistema assicurativo italiano, affinch\u00e9 mettesse in campo tutte le soluzioni possibili e le misure che offre il settore per scongiurare ricadute insostenibili sulle lavoratrici e sui lavoratori.<\/p>\n<p>Ania, dopo aver compreso le preoccupazioni del sindacato rispetto al serio problema occupazionale e all\u2019equilibrio del sistema, si \u00e8 resa disponibile a intervenire e ha convocato le parti in un incontro che si \u00e8 tenuto luned\u00ec 7 marzo u.s. a cui hanno partecipato i vertici di Verti e tutti i livelli delle organizzazioni sindacali (nazionale, territoriale, rappresentanze sindacali aziendali).<\/p>\n<p>Nel corso dell&#8217;incontro, in cui da parte sindacale \u00e8 stata sottolineata la valenza politica dell&#8217;intervento di Ania, sono stati illustrati da Verti i nuovi punti di merito, certamente pi\u00f9 avanzati e pi\u00f9 sostanziosi rispetto a quanto era finora emerso, tuttavia insufficienti per poter raggiungere un&#8217;intesa; resta infatti sul tavolo l&#8217;impostazione iniziale dell&#8217;azienda, che non intende formalizzare la volont\u00e0 di escludere il ricorso alle procedure di legge 223 sui licenziamenti collettivi, privilegiando momenti di verifica con le organizzazioni sindacali.<\/p>\n<p>In sostanza Verti, assumendosi una grave responsabilit\u00e0 con un atteggiamento rigido e miope, ha reso del tutto inutile l&#8217;opportunit\u00e0 di un&#8217;intesa dichiarando che, a prescindere o meno da un accordo con il sindacato, alle lavoratrici e lavoratori verranno comunque fatte le offerte di uscita incentivata e\/o ricollocazione in altre aziende fornitrici emerse sul tavolo negoziale, ma non escludendo che in caso di permanenza di esuberi ricorrer\u00e0 alla 223.<\/p>\n<p>Su queste basi nessuna intesa \u00e8 possibile, pertanto il sindacato continuer\u00e0 a sostenere la lotta delle lavoratrici e dei lavoratori di Verti, facendo sentire forte la propria voce presso la clientela, le istituzioni, il mondo politico, il mondo dei media, Ivass.<\/p>\n<p><strong>LOTTIAMO PER LE LAVORATRICI E I LAVORATORI DI VERTI, PER IL RISPETTO DEL CCNL ANIA, PER UN SANO EQUILIBRIO DI SISTEMA, PER GARANTIRE QUALIT\u00c0 DEL SERVIZIO ALLA CLIENTELA!<\/strong><\/p>\n<p><em>Roma, 15 marzo 2022<\/em><\/p>\n<p><strong>le Segreterie nazionali<\/strong><br \/>\n<strong>First Cisl \u00a0 &#8211; \u00a0 Fisac Cgil \u00a0 &#8211; \u00a0 Fna \u00a0 &#8211; \u00a0 Snfia \u00a0 &#8211; \u00a0 Uilca<\/strong><\/p>\n<hr \/>\n<p>&nbsp;<\/p>\n<p>Il <a href=\"https:\/\/www.firstcisl.it\/assicurazioni\/wp-content\/uploads\/sites\/5\/2022\/03\/VERTI-COMUNICATO-NAZIONALE-SU-MANCATA-INTESA-20220315.pdf\" target=\"_blank\" rel=\"noopener noreferrer\"><strong>comunicato unitario<\/strong><\/a> delle segreterie nazionali di First Cisl, Fisac Cgil, Fna, Snfia e Uilca<\/p>\n<p>&nbsp;<\/p>\n<div class=\"gsp_post_data\" \r\n\t            data-post_type=\"post\" \r\n\t            data-cat=\"aziende-e-territori\" \r\n\t            data-modified=\"120\"\r\n\t            data-created=\"1647370650\"\r\n\t            data-title=\"Compagnia diretta Verti, nessuna intesa\" \r\n\t            data-home=\"https:\/\/www.firstcisl.it\/assicurazioni\"><\/div>","protected":false},"excerpt":{"rendered":"<p>Comunicato unitario delle Segreterie nazionali di First Cisl, Fisac Cgil, Fna, Snfia e Uilca: Compagnia diretta Verti: nessuna intesa! Mentre sui quotidiani leggiamo che i Ministri del lavoro di Italia e Spagna hanno condiviso un\u2019importante proposta, portata al tavolo di lavoro Ue nella giornata del 14 marzo u.s, che consentirebbe ai Paesi di \u201cattenuare gli [&hellip;]<\/p>\n","protected":false},"author":88,"featured_media":1298,"comment_status":"closed","ping_status":"closed","sticky":false,"template":"","format":"standard","meta":{"footnotes":""},"categories":[62],"tags":[22,58,87,86],"class_list":["post-1293","post","type-post","status-publish","format-standard","has-post-thumbnail","hentry","category-aziende-e-territori","tag-comunicati-stampa","tag-comunicato-unitario","tag-mapfre","tag-verti"],"_links":{"self":[{"href":"https:\/\/www.firstcisl.it\/assicurazioni\/wp-json\/wp\/v2\/posts\/1293","targetHints":{"allow":["GET"]}}],"collection":[{"href":"https:\/\/www.firstcisl.it\/assicurazioni\/wp-json\/wp\/v2\/posts"}],"about":[{"href":"https:\/\/www.firstcisl.it\/assicurazioni\/wp-json\/wp\/v2\/types\/post"}],"author":[{"embeddable":true,"href":"https:\/\/www.firstcisl.it\/assicurazioni\/wp-json\/wp\/v2\/users\/88"}],"replies":[{"embeddable":true,"href":"https:\/\/www.firstcisl.it\/assicurazioni\/wp-json\/wp\/v2\/comments?post=1293"}],"version-history":[{"count":5,"href":"https:\/\/www.firstcisl.it\/assicurazioni\/wp-json\/wp\/v2\/posts\/1293\/revisions"}],"predecessor-version":[{"id":1300,"href":"https:\/\/www.firstcisl.it\/assicurazioni\/wp-json\/wp\/v2\/posts\/1293\/revisions\/1300"}],"wp:featuredmedia":[{"embeddable":true,"href":"https:\/\/www.firstcisl.it\/assicurazioni\/wp-json\/wp\/v2\/media\/1298"}],"wp:attachment":[{"href":"https:\/\/www.firstcisl.it\/assicurazioni\/wp-json\/wp\/v2\/media?parent=1293"}],"wp:term":[{"taxonomy":"category","embeddable":true,"href":"https:\/\/www.firstcisl.it\/assicurazioni\/wp-json\/wp\/v2\/categories?post=1293"},{"taxonomy":"post_tag","embeddable":true,"href":"https:\/\/www.firstcisl.it\/assicurazioni\/wp-json\/wp\/v2\/tags?post=1293"}],"curies":[{"name":"wp","href":"https:\/\/api.w.org\/{rel}","templated":true}]}}