{"id":1158,"date":"2021-12-10T16:18:50","date_gmt":"2021-12-10T15:18:50","guid":{"rendered":"https:\/\/www.firstcisl.it\/assicurazioni\/?p=1158"},"modified":"2021-12-11T19:33:22","modified_gmt":"2021-12-11T18:33:22","slug":"il-consiglio-generale-first-cisl-approva-le-piattaforme-per-il-rinnovo-dei-ccnl-ania-e-anagina","status":"publish","type":"post","link":"https:\/\/www.firstcisl.it\/assicurazioni\/il-consiglio-generale-first-cisl-approva-le-piattaforme-per-il-rinnovo-dei-ccnl-ania-e-anagina\/","title":{"rendered":"Il Consiglio generale First Cisl approva le piattaforme per il rinnovo dei Ccnl Ania e Anagina"},"content":{"rendered":"<p>Nel corso dei lavori del Consiglio generale di First Cisl, riunito il 9 e 10 dicembre 2021 all\u2019A.Roma Lifestyle Hotel, sono state presentate ed illustrate le proposte di piattaforma di rinnovo di due dei Contratti collettivi nazionali di lavoro del settore assicurativo,\u00a0<strong>Ania<\/strong>\u00a0e\u00a0<strong>Anagina.<\/strong><\/p>\n<p>Le proposte di piattaforma\u00a0 sono state illustrate dal coordinatore nazionale per il settore assicurativo, <strong>Roberto Garibotti<\/strong>, che ha messo in evidenza l\u2019andamento positivo del settore assicurativo, nonostante anche il periodo pandemico, andamento che ha incoraggiato i sindacati di settore alla presentazione di una piattaforma di richieste nata all\u2019insegna dell\u2019inclusivit\u00e0. Il futuro contratto, infatti, vuole essere inclusivo per i produttori e per le societ\u00e0 di assistenza, per le lavoratrici ed i lavoratori degli appalti di servizi, per i giovani e per il sud, per le partite Iva e per le lavoratrici ed i lavoratori dell\u2019Appalto\u00a0assicurativo.<\/p>\n<div id=\"attachment_1163\" style=\"width: 330px\" class=\"wp-caption alignleft\"><a href=\"https:\/\/www.firstcisl.it\/assicurazioni\/wp-content\/uploads\/sites\/5\/2021\/12\/FirstCisl_Consiglio_20211209_approvazione_piattaforma_Ccnl_Ania_Anagina.jpeg\" target=\"_blank\" rel=\"noopener noreferrer\"><img loading=\"lazy\" decoding=\"async\" aria-describedby=\"caption-attachment-1163\" class=\"wp-image-1163\" src=\"https:\/\/www.firstcisl.it\/assicurazioni\/wp-content\/uploads\/sites\/5\/2021\/12\/FirstCisl_Consiglio_20211209_approvazione_piattaforma_Ccnl_Ania_Anagina-300x225.jpeg\" alt=\"\" width=\"320\" height=\"240\" srcset=\"https:\/\/www.firstcisl.it\/assicurazioni\/wp-content\/uploads\/sites\/5\/2021\/12\/FirstCisl_Consiglio_20211209_approvazione_piattaforma_Ccnl_Ania_Anagina-300x225.jpeg 300w, https:\/\/www.firstcisl.it\/assicurazioni\/wp-content\/uploads\/sites\/5\/2021\/12\/FirstCisl_Consiglio_20211209_approvazione_piattaforma_Ccnl_Ania_Anagina-1024x768.jpeg 1024w, https:\/\/www.firstcisl.it\/assicurazioni\/wp-content\/uploads\/sites\/5\/2021\/12\/FirstCisl_Consiglio_20211209_approvazione_piattaforma_Ccnl_Ania_Anagina-768x576.jpeg 768w, https:\/\/www.firstcisl.it\/assicurazioni\/wp-content\/uploads\/sites\/5\/2021\/12\/FirstCisl_Consiglio_20211209_approvazione_piattaforma_Ccnl_Ania_Anagina-1536x1152.jpeg 1536w, https:\/\/www.firstcisl.it\/assicurazioni\/wp-content\/uploads\/sites\/5\/2021\/12\/FirstCisl_Consiglio_20211209_approvazione_piattaforma_Ccnl_Ania_Anagina-120x90.jpeg 120w, https:\/\/www.firstcisl.it\/assicurazioni\/wp-content\/uploads\/sites\/5\/2021\/12\/FirstCisl_Consiglio_20211209_approvazione_piattaforma_Ccnl_Ania_Anagina.jpeg 1600w\" sizes=\"auto, (max-width: 320px) 100vw, 320px\" \/><\/a><p id=\"caption-attachment-1163\" class=\"wp-caption-text\">Il momento della approvazione<\/p><\/div>\n<p>La piattaforma per il Ccnl Ania cerca di essere al passo con le aziende anche in tema di innovazione tecnologica o di orario e organizzazione di lavoro. Inoltre Garibotti ha spiegato come le serrate trattative per giungere alla piattaforma abbiano messo in evidenza le posizioni innovative di First Cisl a sostegno e tutela delle lavoratrici e dei lavoratori dei Contact center del settore.<\/p>\n<p>Ultima, ma non meno importante, la richiesta di aumento economico per i lavoratori interessati dai due contratti: richiesto il 10% sulla piattaforma Ania ed il 6% su quella Anagina.<\/p>\n<p>In modo particolare per la piattaforma Anagina \u00e8 stato riproposto il tema dell\u2019inclusivit\u00e0.<span class=\"Apple-converted-space\">\u00a0<\/span>Anagina, pur rappresentando una nicchia del settore assicurativo, \u00e8 una realt\u00e0 ancora fortemente produttiva, per la quale vale focalizzarsi su aspetti contrattuali oggi sempre pi\u00f9 rilevanti, come il welfare, la previdenza integrativa o gli ammortizzatori sociali. Le due piattaforme approvate verranno, nei prossimi giorni, sottoposte alla valutazione degli attivi unitari delle organizzazioni sindacali.<\/p>\n<p>&nbsp;<\/p>\n<p>L\u2019<strong><a href=\"https:\/\/www.firstcisl.it\/wp-content\/uploads\/2021\/12\/Ipotesi_Piattaforma_rinnovo_Ccnl_Ania_2021.pdf\" target=\"_blank\" rel=\"noopener noreferrer\">ipotesi di Piattaforma<\/a><\/strong>\u00a0unitaria per il rinnovo del Ccnl <strong>Ania<\/strong> 2021<\/p>\n<p>Il <strong><a href=\"https:\/\/www.firstcisl.it\/wp-content\/uploads\/2021\/12\/Ccnl_Ania_calendario_presentazione_piattaforma_2021.pdf\" target=\"_blank\" rel=\"noopener noreferrer\">calendario degli eventi di presentazione<\/a><\/strong>\u00a0della piattaforma unitaria alle Rsa: 13 dicembre a <strong>Milano<\/strong>, 14 \u00a0dicembre a <strong>Roma<\/strong>, 22 dicembre a <strong>Napoli<\/strong><\/p>\n<p>&nbsp;<\/p>\n<div class=\"gsp_post_data\" \r\n\t            data-post_type=\"post\" \r\n\t            data-cat=\"contrattazione\" \r\n\t            data-modified=\"120\"\r\n\t            data-created=\"1639153130\"\r\n\t            data-title=\"Il Consiglio generale First Cisl approva le piattaforme per il rinnovo dei Ccnl Ania e Anagina\" \r\n\t            data-home=\"https:\/\/www.firstcisl.it\/assicurazioni\"><\/div>","protected":false},"excerpt":{"rendered":"<p>Nel corso dei lavori del Consiglio generale di First Cisl, riunito il 9 e 10 dicembre 2021 all\u2019A.Roma Lifestyle Hotel, sono state presentate ed illustrate le proposte di piattaforma di rinnovo di due dei Contratti collettivi nazionali di lavoro del settore assicurativo,\u00a0Ania\u00a0e\u00a0Anagina. Le proposte di piattaforma\u00a0 sono state illustrate dal coordinatore nazionale per il settore [&hellip;]<\/p>\n","protected":false},"author":100,"featured_media":1165,"comment_status":"closed","ping_status":"closed","sticky":false,"template":"","format":"standard","meta":{"footnotes":""},"categories":[11],"tags":[16,93,94,96,95,21],"class_list":["post-1158","post","type-post","status-publish","format-standard","has-post-thumbnail","hentry","category-contrattazione","tag-assicurativi","tag-consiglio-generale","tag-piattaforma-ccnl","tag-rinnovo-ccnl-anagina","tag-rinnovo-ccnl-ania","tag-roberto-garibotti"],"_links":{"self":[{"href":"https:\/\/www.firstcisl.it\/assicurazioni\/wp-json\/wp\/v2\/posts\/1158","targetHints":{"allow":["GET"]}}],"collection":[{"href":"https:\/\/www.firstcisl.it\/assicurazioni\/wp-json\/wp\/v2\/posts"}],"about":[{"href":"https:\/\/www.firstcisl.it\/assicurazioni\/wp-json\/wp\/v2\/types\/post"}],"author":[{"embeddable":true,"href":"https:\/\/www.firstcisl.it\/assicurazioni\/wp-json\/wp\/v2\/users\/100"}],"replies":[{"embeddable":true,"href":"https:\/\/www.firstcisl.it\/assicurazioni\/wp-json\/wp\/v2\/comments?post=1158"}],"version-history":[{"count":7,"href":"https:\/\/www.firstcisl.it\/assicurazioni\/wp-json\/wp\/v2\/posts\/1158\/revisions"}],"predecessor-version":[{"id":1167,"href":"https:\/\/www.firstcisl.it\/assicurazioni\/wp-json\/wp\/v2\/posts\/1158\/revisions\/1167"}],"wp:featuredmedia":[{"embeddable":true,"href":"https:\/\/www.firstcisl.it\/assicurazioni\/wp-json\/wp\/v2\/media\/1165"}],"wp:attachment":[{"href":"https:\/\/www.firstcisl.it\/assicurazioni\/wp-json\/wp\/v2\/media?parent=1158"}],"wp:term":[{"taxonomy":"category","embeddable":true,"href":"https:\/\/www.firstcisl.it\/assicurazioni\/wp-json\/wp\/v2\/categories?post=1158"},{"taxonomy":"post_tag","embeddable":true,"href":"https:\/\/www.firstcisl.it\/assicurazioni\/wp-json\/wp\/v2\/tags?post=1158"}],"curies":[{"name":"wp","href":"https:\/\/api.w.org\/{rel}","templated":true}]}}