{"id":1121,"date":"2021-07-15T19:45:16","date_gmt":"2021-07-15T17:45:16","guid":{"rendered":"https:\/\/www.firstcisl.it\/assicurazioni\/?p=1121"},"modified":"2021-10-08T15:47:02","modified_gmt":"2021-10-08T13:47:02","slug":"ania-first-cisl-assicurazioni-strategiche-per-ripresa-pronti-alla-trattativa-su-contratto-nazionale","status":"publish","type":"post","link":"https:\/\/www.firstcisl.it\/assicurazioni\/ania-first-cisl-assicurazioni-strategiche-per-ripresa-pronti-alla-trattativa-su-contratto-nazionale\/","title":{"rendered":"Ania, First Cisl, assicurazioni strategiche per ripresa, pronti alla trattativa su contratto nazionale"},"content":{"rendered":"<p><em>Colombani: settore fondamentale per spingere il risparmio verso l\u2019economia reale. Il contratto dovr\u00e0 valorizzare le persone e garantire una gestione condivisa dell\u2019innovazione digitale e delle sue ricadute sul lavoro<\/em><\/p>\n<p>\u201cIl contributo che le compagnie assicurative possono dare alla ripartenza del Paese ed alla costruzione di un modello economico fondato su sostenibilit\u00e0 sociale e ambientale \u00e8 senza dubbio notevole. Sappiamo che le risorse del Pnrr non basteranno da sole a superare la crisi, per questo \u00e8 di grande importanza che il risparmio affluisca all\u2019economia reale e alimenti gli investimenti privati. Le assicurazioni, come investitori di lungo periodo, hanno le carte in regola per perseguire questo obiettivo e dare slancio alla ripresa dell\u2019economia italiana, come ha sottolineato anche il premier Mario Draghi nel suo messaggio di saluto\u201d. Questo il commento del segretario generale di First Cisl, Riccardo Colombani, alla relazione svolta oggi dalla presidente Maria Bianca Farina all\u2019assemblea annuale dell\u2019Ania.<\/p>\n<p>\u201cLa pandemia ha dimostrato che la protezione dal rischio \u00e8 sempre pi\u00f9 importante nelle nostre societ\u00e0. Il fatto che \u2013 ha aggiunto Colombani \u2013 solo il 3% delle Pmi risulti assicurato contro business interruption e attacchi cyber dimostra l\u2019importanza di promuovere comportamenti virtuosi tra i soggetti economici. Un\u2019opportuna copertura assicurativa avrebbe infatti consentito di ridurre i costi sostenuti dallo Stato e di alleggerire il peso del debito. Lo Stato non pu\u00f2 limitarsi a garantire sussidi, ma deve orientare le decisioni degli attori economici attraverso incentivi mirati\u201d.<\/p>\n<p>\u201cSiamo pronti a discutere con Ania il rinnovo del contratto nazionale. La valorizzazione delle persone \u00e8 elemento essenziale per un settore che si propone di svolgere un ruolo determinante nei prossimi anni. La trattativa \u2013 ha concluso \u2013 dovr\u00e0 riguardare anche la gestione condivisa dell\u2019innovazione digitale e del suo impatto sul lavoro e sull\u2019industria assicurativa\u201d.<\/p>\n<p>&nbsp;<\/p>\n<div class=\"gsp_post_data\" \r\n\t            data-post_type=\"post\" \r\n\t            data-cat=\"ania\" \r\n\t            data-modified=\"120\"\r\n\t            data-created=\"1626378316\"\r\n\t            data-title=\"Ania, First Cisl, assicurazioni strategiche per ripresa, pronti alla trattativa su contratto nazionale\" \r\n\t            data-home=\"https:\/\/www.firstcisl.it\/assicurazioni\"><\/div>","protected":false},"excerpt":{"rendered":"<p>Colombani: settore fondamentale per spingere il risparmio verso l\u2019economia reale. Il contratto dovr\u00e0 valorizzare le persone e garantire una gestione condivisa dell\u2019innovazione digitale e delle sue ricadute sul lavoro \u201cIl contributo che le compagnie assicurative possono dare alla ripartenza del Paese ed alla costruzione di un modello economico fondato su sostenibilit\u00e0 sociale e ambientale \u00e8 [&hellip;]<\/p>\n","protected":false},"author":87,"featured_media":1122,"comment_status":"closed","ping_status":"closed","sticky":false,"template":"","format":"standard","meta":{"footnotes":""},"categories":[15],"tags":[22,57,56,47],"class_list":["post-1121","post","type-post","status-publish","format-standard","has-post-thumbnail","hentry","category-ania","tag-comunicati-stampa","tag-maria-bianca-farina","tag-riccardo-colombani","tag-rinnovo-ccnl"],"_links":{"self":[{"href":"https:\/\/www.firstcisl.it\/assicurazioni\/wp-json\/wp\/v2\/posts\/1121","targetHints":{"allow":["GET"]}}],"collection":[{"href":"https:\/\/www.firstcisl.it\/assicurazioni\/wp-json\/wp\/v2\/posts"}],"about":[{"href":"https:\/\/www.firstcisl.it\/assicurazioni\/wp-json\/wp\/v2\/types\/post"}],"author":[{"embeddable":true,"href":"https:\/\/www.firstcisl.it\/assicurazioni\/wp-json\/wp\/v2\/users\/87"}],"replies":[{"embeddable":true,"href":"https:\/\/www.firstcisl.it\/assicurazioni\/wp-json\/wp\/v2\/comments?post=1121"}],"version-history":[{"count":1,"href":"https:\/\/www.firstcisl.it\/assicurazioni\/wp-json\/wp\/v2\/posts\/1121\/revisions"}],"predecessor-version":[{"id":1123,"href":"https:\/\/www.firstcisl.it\/assicurazioni\/wp-json\/wp\/v2\/posts\/1121\/revisions\/1123"}],"wp:featuredmedia":[{"embeddable":true,"href":"https:\/\/www.firstcisl.it\/assicurazioni\/wp-json\/wp\/v2\/media\/1122"}],"wp:attachment":[{"href":"https:\/\/www.firstcisl.it\/assicurazioni\/wp-json\/wp\/v2\/media?parent=1121"}],"wp:term":[{"taxonomy":"category","embeddable":true,"href":"https:\/\/www.firstcisl.it\/assicurazioni\/wp-json\/wp\/v2\/categories?post=1121"},{"taxonomy":"post_tag","embeddable":true,"href":"https:\/\/www.firstcisl.it\/assicurazioni\/wp-json\/wp\/v2\/tags?post=1121"}],"curies":[{"name":"wp","href":"https:\/\/api.w.org\/{rel}","templated":true}]}}