{"id":2194,"date":"2024-04-30T15:32:21","date_gmt":"2024-04-30T13:32:21","guid":{"rendered":"https:\/\/www.firstcisl.it\/ambofe\/?p=2194"},"modified":"2024-05-15T15:48:52","modified_gmt":"2024-05-15T13:48:52","slug":"banca-di-imola-nuovo-accordo-sindacale-per-regolare-la-formazione-in-smart-learning","status":"publish","type":"post","link":"https:\/\/www.firstcisl.it\/ambofe\/2024\/04\/30\/banca-di-imola-nuovo-accordo-sindacale-per-regolare-la-formazione-in-smart-learning\/","title":{"rendered":"Banca di Imola, nuovo accordo sindacale per regolare la Formazione in &#8220;smart learning&#8221;"},"content":{"rendered":"<p>Il giorno 22 aprile 2024 in Banca di Imola \u00e8 stato sottoscritto un accordo sindacale per regolamentare le possibilit\u00e0 di fruizione in modalit\u00e0 &#8220;flessibile&#8221; &#8211; il cosiddetto &#8220;smart learning&#8221; &#8211; della Formazione erogata dalla Banca nell&#8217;anno 2024.<\/p>\n<p>Si \u00e8 definito che per i Corsi erogati dall&#8217;Azienda in modalit\u00e0 e-learning, la fruizione degli stessi potr\u00e0 essere svolta dai dipendenti destinatari sia dalla propria residenza\/domicilio, sia da altri Uffici e\/o Punti Operativi aziendali.<\/p>\n<p>Tale modalit\u00e0, ovviamente su base volontaria, dovr\u00e0 essere concordata dal singolo fruitore con il proprio Responsabile di Ufficio\/Filiale.<\/p>\n<p>Riportiamo qui sotto il link al testo dell&#8217;Accordo.<\/p>\n<p><a href=\"https:\/\/www.firstcisl.it\/ambofe\/wp-content\/uploads\/sites\/41\/2024\/05\/BANCA-DI-IMOLA-ACCORDO-SMART-LEARNING-22-04-2024.pdf\">BANCA DI IMOLA &#8211; ACCORDO SMART LEARNING 22-04-2024<\/a><\/p>\n<p>&nbsp;<\/p>\n<div class=\"gsp_post_data\" \r\n\t            data-post_type=\"post\" \r\n\t            data-cat=\"aziende-territori\" \r\n\t            data-modified=\"120\"\r\n\t            data-created=\"1714491141\"\r\n\t            data-title=\"Banca di Imola, nuovo accordo sindacale per regolare la Formazione in &#8220;smart learning&#8221;\" \r\n\t            data-home=\"https:\/\/www.firstcisl.it\/ambofe\"><\/div>","protected":false},"excerpt":{"rendered":"<p>Il giorno 22 aprile 2024 in Banca di Imola \u00e8 stato sottoscritto un accordo sindacale per regolamentare le possibilit\u00e0 di fruizione in modalit\u00e0 &#8220;flessibile&#8221; &#8211; il cosiddetto &#8220;smart learning&#8221; &#8211; della Formazione erogata dalla Banca nell&#8217;anno 2024. Si \u00e8 definito che per i Corsi erogati dall&#8217;Azienda in modalit\u00e0 e-learning, la fruizione degli stessi potr\u00e0 essere [&hellip;]<\/p>\n","protected":false},"author":64,"featured_media":2072,"comment_status":"closed","ping_status":"closed","sticky":false,"template":"","format":"standard","meta":{"footnotes":""},"categories":[17],"tags":[],"class_list":["post-2194","post","type-post","status-publish","format-standard","has-post-thumbnail","hentry","category-aziende-territori"],"_links":{"self":[{"href":"https:\/\/www.firstcisl.it\/ambofe\/wp-json\/wp\/v2\/posts\/2194","targetHints":{"allow":["GET"]}}],"collection":[{"href":"https:\/\/www.firstcisl.it\/ambofe\/wp-json\/wp\/v2\/posts"}],"about":[{"href":"https:\/\/www.firstcisl.it\/ambofe\/wp-json\/wp\/v2\/types\/post"}],"author":[{"embeddable":true,"href":"https:\/\/www.firstcisl.it\/ambofe\/wp-json\/wp\/v2\/users\/64"}],"replies":[{"embeddable":true,"href":"https:\/\/www.firstcisl.it\/ambofe\/wp-json\/wp\/v2\/comments?post=2194"}],"version-history":[{"count":1,"href":"https:\/\/www.firstcisl.it\/ambofe\/wp-json\/wp\/v2\/posts\/2194\/revisions"}],"predecessor-version":[{"id":2195,"href":"https:\/\/www.firstcisl.it\/ambofe\/wp-json\/wp\/v2\/posts\/2194\/revisions\/2195"}],"wp:featuredmedia":[{"embeddable":true,"href":"https:\/\/www.firstcisl.it\/ambofe\/wp-json\/wp\/v2\/media\/2072"}],"wp:attachment":[{"href":"https:\/\/www.firstcisl.it\/ambofe\/wp-json\/wp\/v2\/media?parent=2194"}],"wp:term":[{"taxonomy":"category","embeddable":true,"href":"https:\/\/www.firstcisl.it\/ambofe\/wp-json\/wp\/v2\/categories?post=2194"},{"taxonomy":"post_tag","embeddable":true,"href":"https:\/\/www.firstcisl.it\/ambofe\/wp-json\/wp\/v2\/tags?post=2194"}],"curies":[{"name":"wp","href":"https:\/\/api.w.org\/{rel}","templated":true}]}}