{"id":2180,"date":"2024-04-17T13:04:51","date_gmt":"2024-04-17T11:04:51","guid":{"rendered":"https:\/\/www.firstcisl.it\/ambofe\/?p=2180"},"modified":"2024-04-17T13:04:51","modified_gmt":"2024-04-17T11:04:51","slug":"in-banca-di-imola-evidenziata-la-produttivita-dei-dipendenti-nel-2023-con-un-importante-premio-vap","status":"publish","type":"post","link":"https:\/\/www.firstcisl.it\/ambofe\/2024\/04\/17\/in-banca-di-imola-evidenziata-la-produttivita-dei-dipendenti-nel-2023-con-un-importante-premio-vap\/","title":{"rendered":"In Banca di Imola evidenziata la produttivit\u00e0 dei dipendenti nel 2023 con un importante Premio VAP"},"content":{"rendered":"<p>Nell&#8217;incontro tra le Organizzazioni Sindacali ed i rappresentanti dell&#8217;Ufficio Relazioni Industriali di Banca di Imola (Gruppo La Cassa di Ravenna) svoltosi marted\u00ec 16 aprile 2024, sono state esaminate le voci relative a redditivit\u00e0 e produttivit\u00e0 emerse dalle bozze del bilancio aziendale 2023 e, avveratesi le condizioni previste sul tema in sede di Contratto Integrativo, sono stati presentati con reciproca soddisfazione gli importi del Premio VAP 2023 da erogare ai dipendenti nei prossimi mesi.<\/p>\n<p>Qui sotto trovate il link al volantino di First Cisl.<\/p>\n<p><a href=\"https:\/\/www.firstcisl.it\/ambofe\/wp-content\/uploads\/sites\/41\/2024\/04\/Banca-di-Imola-Volantino-First-Cisl-sul-VAP-anno-2023-in-pagamento-nel-2024.pdf\">Banca di Imola &#8211; Volantino First Cisl sul VAP anno 2023 in pagamento nel 2024<\/a><\/p>\n<p>&nbsp;<\/p>\n<div class=\"gsp_post_data\" \r\n\t            data-post_type=\"post\" \r\n\t            data-cat=\"aziende-territori\" \r\n\t            data-modified=\"120\"\r\n\t            data-created=\"1713359091\"\r\n\t            data-title=\"In Banca di Imola evidenziata la produttivit\u00e0 dei dipendenti nel 2023 con un importante Premio VAP\" \r\n\t            data-home=\"https:\/\/www.firstcisl.it\/ambofe\"><\/div>","protected":false},"excerpt":{"rendered":"<p>Nell&#8217;incontro tra le Organizzazioni Sindacali ed i rappresentanti dell&#8217;Ufficio Relazioni Industriali di Banca di Imola (Gruppo La Cassa di Ravenna) svoltosi marted\u00ec 16 aprile 2024, sono state esaminate le voci relative a redditivit\u00e0 e produttivit\u00e0 emerse dalle bozze del bilancio aziendale 2023 e, avveratesi le condizioni previste sul tema in sede di Contratto Integrativo, sono [&hellip;]<\/p>\n","protected":false},"author":64,"featured_media":2072,"comment_status":"closed","ping_status":"closed","sticky":false,"template":"","format":"standard","meta":{"footnotes":""},"categories":[17],"tags":[],"class_list":["post-2180","post","type-post","status-publish","format-standard","has-post-thumbnail","hentry","category-aziende-territori"],"_links":{"self":[{"href":"https:\/\/www.firstcisl.it\/ambofe\/wp-json\/wp\/v2\/posts\/2180","targetHints":{"allow":["GET"]}}],"collection":[{"href":"https:\/\/www.firstcisl.it\/ambofe\/wp-json\/wp\/v2\/posts"}],"about":[{"href":"https:\/\/www.firstcisl.it\/ambofe\/wp-json\/wp\/v2\/types\/post"}],"author":[{"embeddable":true,"href":"https:\/\/www.firstcisl.it\/ambofe\/wp-json\/wp\/v2\/users\/64"}],"replies":[{"embeddable":true,"href":"https:\/\/www.firstcisl.it\/ambofe\/wp-json\/wp\/v2\/comments?post=2180"}],"version-history":[{"count":2,"href":"https:\/\/www.firstcisl.it\/ambofe\/wp-json\/wp\/v2\/posts\/2180\/revisions"}],"predecessor-version":[{"id":2182,"href":"https:\/\/www.firstcisl.it\/ambofe\/wp-json\/wp\/v2\/posts\/2180\/revisions\/2182"}],"wp:featuredmedia":[{"embeddable":true,"href":"https:\/\/www.firstcisl.it\/ambofe\/wp-json\/wp\/v2\/media\/2072"}],"wp:attachment":[{"href":"https:\/\/www.firstcisl.it\/ambofe\/wp-json\/wp\/v2\/media?parent=2180"}],"wp:term":[{"taxonomy":"category","embeddable":true,"href":"https:\/\/www.firstcisl.it\/ambofe\/wp-json\/wp\/v2\/categories?post=2180"},{"taxonomy":"post_tag","embeddable":true,"href":"https:\/\/www.firstcisl.it\/ambofe\/wp-json\/wp\/v2\/tags?post=2180"}],"curies":[{"name":"wp","href":"https:\/\/api.w.org\/{rel}","templated":true}]}}