{"id":1640,"date":"2019-06-04T13:17:02","date_gmt":"2019-06-04T11:17:02","guid":{"rendered":"https:\/\/www.firstcisl.it\/ambofe\/?p=1640"},"modified":"2019-06-13T13:46:54","modified_gmt":"2019-06-13T11:46:54","slug":"invitalia-lindifferenza-del-governo-sulla-perdita-di-135-professionisti-dedicati-alla-ricostruzione-post-terremoto","status":"publish","type":"post","link":"https:\/\/www.firstcisl.it\/ambofe\/2019\/06\/04\/invitalia-lindifferenza-del-governo-sulla-perdita-di-135-professionisti-dedicati-alla-ricostruzione-post-terremoto\/","title":{"rendered":"INVITALIA &#8211; L&#8217;indifferenza del Governo sulla perdita di 135 professionisti dedicati alla ricostruzione post-terremoto"},"content":{"rendered":"<p>Al limite del paradosso!&#8230; Cos\u00ec si pu\u00f2 certamente definire la situazione di 135 tra ingegneri ed architetti dipendenti dell&#8217;Azienda Invitalia, controllata al 100% dal Ministero dell&#8217;Economia e Finanze, per i quali lo spettro della disoccupazione avanza sinistro in modo molto veloce (80 quelli con contratto in scadenza al 30 giugno 2019, i restanti a fine anno), nonostante siano tutti impegnati nelle varie attivit\u00e0 di ricostruzione post-terremoto in Emilia Romagna. Professionisti dedicati ad attivit\u00e0 di responsabilit\u00e0 e delicatezza e per i quali appare all&#8217;orizzonte uno scenario disastroso: l&#8217;interruzione burrascosa del rapporto di lavoro proprio a causa di un decreto del Governo che impedisce il rinnovo contrattuale di questi dipendenti con esperienze di altissimo profilo e che hanno contribuito in maniera fattiva alla ripresa economica e sociale di un territorio duramente colpito dal terremoto del 2012. Peraltro la loro eventuale disoccupazione rallenterebbe anche l&#8217;intero percorso di risanamento edilizio post-sisma, senza che siano diminuite le attivit\u00e0 ancora da svolgere. Le Organizzazioni Sindacali hanno ottenuto un incontro con l&#8217;Assessore regionale alle Attivit\u00e0 Produttive Palma Costi, con la quale hanno analizzato la situazione e definito che, al momento, la &#8220;partita&#8221; \u00e8 tutta da &#8220;giocare&#8221; al MEF; la posta in gioco, per\u00f2, \u00e8 molto alta, sia per i lavoratori coinvolti, sia per l&#8217;intero territorio.<\/p>\n<p>Al link qui sotto potete leggere il comunicato stampa congiunto di CGIL-CISL-UIL e delle rispettive Federazioni di categoria.<\/p>\n<p><a href=\"https:\/\/www.firstcisl.it\/ambofe\/wp-content\/uploads\/sites\/41\/2019\/06\/Invitalia-Comunicato-stampa-OO.SS_.-del-03-06-2019.pdf\">https:\/\/www.firstcisl.it\/ambofe\/wp-content\/uploads\/sites\/41\/2019\/06\/Invitalia-Comunicato-stampa-OO.SS_.-del-03-06-2019.pdf<\/a><\/p>\n<div class=\"gsp_post_data\" \r\n\t            data-post_type=\"post\" \r\n\t            data-cat=\"in-primo-piano\" \r\n\t            data-modified=\"120\"\r\n\t            data-created=\"1559654222\"\r\n\t            data-title=\"INVITALIA &#8211; L&#8217;indifferenza del Governo sulla perdita di 135 professionisti dedicati alla ricostruzione post-terremoto\" \r\n\t            data-home=\"https:\/\/www.firstcisl.it\/ambofe\"><\/div>","protected":false},"excerpt":{"rendered":"<p>Al limite del paradosso!&#8230; Cos\u00ec si pu\u00f2 certamente definire la situazione di 135 tra ingegneri ed architetti dipendenti dell&#8217;Azienda Invitalia, controllata al 100% dal Ministero dell&#8217;Economia e Finanze, per i quali lo spettro della disoccupazione avanza sinistro in modo molto veloce (80 quelli con contratto in scadenza al 30 giugno 2019, i restanti a fine [&hellip;]<\/p>\n","protected":false},"author":64,"featured_media":1637,"comment_status":"closed","ping_status":"closed","sticky":false,"template":"","format":"standard","meta":{"footnotes":""},"categories":[4],"tags":[],"class_list":["post-1640","post","type-post","status-publish","format-standard","has-post-thumbnail","hentry","category-in-primo-piano"],"_links":{"self":[{"href":"https:\/\/www.firstcisl.it\/ambofe\/wp-json\/wp\/v2\/posts\/1640","targetHints":{"allow":["GET"]}}],"collection":[{"href":"https:\/\/www.firstcisl.it\/ambofe\/wp-json\/wp\/v2\/posts"}],"about":[{"href":"https:\/\/www.firstcisl.it\/ambofe\/wp-json\/wp\/v2\/types\/post"}],"author":[{"embeddable":true,"href":"https:\/\/www.firstcisl.it\/ambofe\/wp-json\/wp\/v2\/users\/64"}],"replies":[{"embeddable":true,"href":"https:\/\/www.firstcisl.it\/ambofe\/wp-json\/wp\/v2\/comments?post=1640"}],"version-history":[{"count":2,"href":"https:\/\/www.firstcisl.it\/ambofe\/wp-json\/wp\/v2\/posts\/1640\/revisions"}],"predecessor-version":[{"id":1642,"href":"https:\/\/www.firstcisl.it\/ambofe\/wp-json\/wp\/v2\/posts\/1640\/revisions\/1642"}],"wp:featuredmedia":[{"embeddable":true,"href":"https:\/\/www.firstcisl.it\/ambofe\/wp-json\/wp\/v2\/media\/1637"}],"wp:attachment":[{"href":"https:\/\/www.firstcisl.it\/ambofe\/wp-json\/wp\/v2\/media?parent=1640"}],"wp:term":[{"taxonomy":"category","embeddable":true,"href":"https:\/\/www.firstcisl.it\/ambofe\/wp-json\/wp\/v2\/categories?post=1640"},{"taxonomy":"post_tag","embeddable":true,"href":"https:\/\/www.firstcisl.it\/ambofe\/wp-json\/wp\/v2\/tags?post=1640"}],"curies":[{"name":"wp","href":"https:\/\/api.w.org\/{rel}","templated":true}]}}